{"id":115139,"date":"2025-10-17T20:43:28","date_gmt":"2025-10-17T20:43:28","guid":{"rendered":"https:\/\/www.europesays.com\/pt\/115139\/"},"modified":"2025-10-17T20:43:28","modified_gmt":"2025-10-17T20:43:28","slug":"o-livro-preferido-de-kurt-cobain-que-inspirou-musica-do-nirvana","status":"publish","type":"post","link":"https:\/\/www.europesays.com\/pt\/115139\/","title":{"rendered":"O livro preferido de Kurt Cobain, que inspirou m\u00fasica\u00a0do\u00a0Nirvana"},"content":{"rendered":"<p>Uma conta no Instagram recentemente desenterrou uma entrevista de <strong>Kurt Cobain<\/strong> ao canal MuchMusic TV, no Canad\u00e1, nove meses antes de sua morte, em 5 de abril de 1994. O registro mostra o saudoso vocalista do <strong>Nirvana<\/strong> revelando o livro que ela j\u00e1 leu \u201cumas dez vezes\u201d.<\/p>\n<p>Na conversa com <strong>Erica Ehm<\/strong>, em meados de 1993, Cobain disse que n\u00e3o s\u00f3 devorou diversas vezes a obra <strong>O Perfume<\/strong> (1985), de<strong> Patrick Suskind<\/strong>, como foi inspirado pela hist\u00f3ria em uma de suas m\u00fasicas; no caso, \u201c<strong>Scentless Apprentice\u201d<\/strong>.<\/p>\n<p>A Erica, Kurt explicou a premissa do romance dizendo que, \u201cna virada do s\u00e9culo, este aprendiz de perfume franc\u00eas est\u00e1 apenas enojado, basicamente, de todos os seres humanos, mas n\u00e3o pode se afastar deles.\u201d<\/p>\n<p>Brincando que o livro o fez \u201cquerer cortar seu nariz\u201d, Cobain acrescentou:<\/p>\n<p class=\"has-text-align-center\"><strong>\u201cSou hipocondr\u00edaco, isso me afeta. Ele [o protagonista] segue esta jornada, esta caminhada da morte. Ele viaja para \u00e1reas rurais, onde h\u00e1 bosques e pequenas aldeias\u2026 E s\u00f3 viaja \u00e0 noite. Sempre que cheira um ser humano, mesmo que distante, ele fica com nojo e se esconde. Ele s\u00f3 queria ficar longe das pessoas\u2026 Eu posso me relacionar com isso.\u201d<\/strong><\/p>\n<p>Kurt, ali\u00e1s, disse \u00e0 entrevistadora que esta foi a \u201cprimeira e \u00fanica vez\u201d que ele usou uma hist\u00f3ria pr\u00e9-existente para escrever uma can\u00e7\u00e3o. Vale lembrar que o livro, mais tarde, ganhou adapta\u00e7\u00e3o para o cinema sob o t\u00edtulo <strong>Perfume: A Hist\u00f3ria de um Assassino<\/strong> (2007), com <strong>Ben Whishaw<\/strong>, <strong>Dustin Hoffman<\/strong> e <strong>Alan Rickman<\/strong> no elenco.<\/p>\n<p>Confira um trecho da entrevista de Kurt Cobain, al\u00e9m da faixa \u201cScentless Apprentice\u201d na \u00edntegra, ao final da mat\u00e9ria!<\/p>\n<p>Nirvana venceu processo contra beb\u00ea que esteve na capa de Nevermind<\/p>\n<p>Por falar em Nirvana,\u00a0<strong>Spencer Elden<\/strong>, o beb\u00ea que aparece na capa do lend\u00e1rio disco\u00a0<strong>Nevermind<\/strong>, lan\u00e7ado pela banda\u00a0em 1991, perdeu o processo judicial que movia contra o grupo.<\/p>\n<p>No final de setembro , o juiz federal respons\u00e1vel pelo caso,\u00a0<strong>Fernando M. Olguin<\/strong>, indeferiu o pedido feito pelo homem que apareceu nu dentro de uma piscina quando ainda tinha pouco meses de vida, em uma das capas de \u00e1lbum mais ic\u00f4nicas da hist\u00f3ria do Rock.<\/p>\n<p>No processo, Elden alegou que a arte violava as leis federais contra pornografia infantil ao exibir a imagem supostamente sexualizada de um menor. Ao tomar sua decis\u00e3o, Fernando M. Olguin disse que \u201cn\u00e3o se tratava de pornografia infantil\u201d e afirmou que a famosa foto nem chegava perto de atender \u00e0 defini\u00e7\u00e3o de conte\u00fado ilegal, como voc\u00ea pode saber mais <a href=\"https:\/\/www.tenhomaisdiscosqueamigos.com\/2025\/10\/01\/nirvana-vence-processo-contra-bebe-capa-nevermind\/\" target=\"_blank\" rel=\"noreferrer noopener nofollow\">aqui<\/a>.<\/p>\n<p>OU\u00c7A AGORA MESMO A PLAYLIST TMDQA! ALTERNATIVO<\/p>\n<p>\n               Cl\u00e1ssicos, lan\u00e7amentos, Indie, Punk, Metal e muito mais: ou\u00e7a agora mesmo a <strong>Playlist TMDQA! Alternativo<\/strong> e <a href=\"https:\/\/open.spotify.com\/playlist\/0DQ6KO6CGVzvEMof0W4hOn?si=6cb9a436608e4dbc\" target=\"_blank\" rel=\"noopener nofollow\">siga o TMDQA! no Spotify!<\/a><\/p>\n","protected":false},"excerpt":{"rendered":"Uma conta no Instagram recentemente desenterrou uma entrevista de Kurt Cobain ao canal MuchMusic TV, no Canad\u00e1, nove&hellip;\n","protected":false},"author":2,"featured_media":115140,"comment_status":"","ping_status":"","sticky":false,"template":"","format":"standard","meta":{"footnotes":""},"categories":[143],"tags":[169,114,115,23856,170,23857,32,33],"class_list":{"0":"post-115139","1":"post","2":"type-post","3":"status-publish","4":"format-standard","5":"has-post-thumbnail","7":"category-livros","8":"tag-books","9":"tag-entertainment","10":"tag-entretenimento","11":"tag-kurt-cobain","12":"tag-livros","13":"tag-nirvana","14":"tag-portugal","15":"tag-pt"},"share_on_mastodon":{"url":"","error":""},"_links":{"self":[{"href":"https:\/\/www.europesays.com\/pt\/wp-json\/wp\/v2\/posts\/115139","targetHints":{"allow":["GET"]}}],"collection":[{"href":"https:\/\/www.europesays.com\/pt\/wp-json\/wp\/v2\/posts"}],"about":[{"href":"https:\/\/www.europesays.com\/pt\/wp-json\/wp\/v2\/types\/post"}],"author":[{"embeddable":true,"href":"https:\/\/www.europesays.com\/pt\/wp-json\/wp\/v2\/users\/2"}],"replies":[{"embeddable":true,"href":"https:\/\/www.europesays.com\/pt\/wp-json\/wp\/v2\/comments?post=115139"}],"version-history":[{"count":0,"href":"https:\/\/www.europesays.com\/pt\/wp-json\/wp\/v2\/posts\/115139\/revisions"}],"wp:featuredmedia":[{"embeddable":true,"href":"https:\/\/www.europesays.com\/pt\/wp-json\/wp\/v2\/media\/115140"}],"wp:attachment":[{"href":"https:\/\/www.europesays.com\/pt\/wp-json\/wp\/v2\/media?parent=115139"}],"wp:term":[{"taxonomy":"category","embeddable":true,"href":"https:\/\/www.europesays.com\/pt\/wp-json\/wp\/v2\/categories?post=115139"},{"taxonomy":"post_tag","embeddable":true,"href":"https:\/\/www.europesays.com\/pt\/wp-json\/wp\/v2\/tags?post=115139"}],"curies":[{"name":"wp","href":"https:\/\/api.w.org\/{rel}","templated":true}]}}