{"id":115169,"date":"2025-10-17T21:15:12","date_gmt":"2025-10-17T21:15:12","guid":{"rendered":"https:\/\/www.europesays.com\/pt\/115169\/"},"modified":"2025-10-17T21:15:12","modified_gmt":"2025-10-17T21:15:12","slug":"quase-10-anos-depois-confira-novo-visual-da-jessica-jones-no-mcu","status":"publish","type":"post","link":"https:\/\/www.europesays.com\/pt\/115169\/","title":{"rendered":"Quase 10 anos depois, confira novo visual da Jessica Jones no MCU"},"content":{"rendered":"<p>Hora de conferir o \u2018novo\u2019 visual de <a href=\"https:\/\/legadodamarvel.com.br\/tag\/jessica-jones\" rel=\"nofollow noopener\" target=\"_blank\">Jessica Jones<\/a>, mais uma personagem da antiga Marvel\/Netflix que est\u00e1 de volta no MCU! Primeiramente, como j\u00e1 havia sido revelado antes, <a href=\"https:\/\/legadodamarvel.com.br\/tag\/krysten-ritter\" rel=\"nofollow noopener\" target=\"_blank\">Krysten Ritter<\/a> reprisar\u00e1 o papel da hero\u00edna durona na 2\u00aa temporada de <a href=\"https:\/\/legadodamarvel.com.br\/serie\/demolidor-renascido\" rel=\"nofollow noopener\" target=\"_blank\">Demolidor: Renascido<\/a>.<\/p>\n<p>Para alegria dos f\u00e3s, quase dez anos depois de sua estreia em live-action, a nossa detetive favorita est\u00e1 de volta! E agora temos um vislumbre desse retorno.<\/p>\n<p>Trailer vazado revela novo visual de Jessica Jones em seu retorno<\/p>\n<p>Todo mundo sabe que a <strong>NYCC (New York Comic Con)<\/strong> \u00e9 o lugar onde os grandes an\u00fancios acontecem, n\u00e9? Mas a real \u00e9 que a estrela da vez, a pr\u00f3pria <strong>Krysten Ritter<\/strong>, ajudou a matar a curiosidade dos f\u00e3s.<\/p>\n<p>Parece que ela acabou vazando um pedacinho da grava\u00e7\u00e3o do trailer da <strong>segunda temporada de Demolidor: Renascido<\/strong> que foi exibido l\u00e1. E o que a gente viu? Nada menos que a <strong>Jessica Jones<\/strong> em carne e osso!<\/p>\n<p>A gente sempre teve aquela d\u00favida: como \u00e9 que a <strong>Marvel Studios<\/strong> ia trazer a <strong>Jessica<\/strong> de volta? Seria um reboot? Uma vers\u00e3o diferente?<\/p>\n<p>Esquece! Pelo que a gente conseguiu ver no v\u00eddeo vazado, a <strong>Jessica Jones<\/strong> est\u00e1 de volta com aquele <strong>visual cl\u00e1ssico<\/strong> que a gente amava na s\u00e9rie da Netflix. Casaco, atitude e aquele ar de quem n\u00e3o est\u00e1 pra brincadeira!<\/p>\n<p>Krysten nasceu para o papel e, quase 10 anos depois, ela est\u00e1 a mesma coisa do que na 1\u00aa temporada de 2016.<\/p>\n<p>Confira uma imagem:<\/p>\n<p><img loading=\"lazy\" decoding=\"async\" width=\"947\" height=\"655\" viewbox=\"0 0 947 655\" src=\"https:\/\/www.europesays.com\/pt\/wp-content\/uploads\/2025\/10\/legadodamarvel-jessica-jones-krysten-rriter-demolidor-renascido-daredevil-born-again.webp.webp\" alt=\"\" class=\"lazyload wp-image-164916\"  data-\/>Finalmente o Crossover Que Quer\u00edamos!<\/p>\n<p>A volta da <strong>Jessica<\/strong> em Daredevil: Born Again n\u00e3o \u00e9 s\u00f3 um fan service; \u00e9 a confirma\u00e7\u00e3o de que o street level da <strong>Marvel<\/strong> est\u00e1 completo! A gente j\u00e1 tem o <strong>Matt Murdock<\/strong>, o <strong>Rei do Crime<\/strong>, e agora a <strong>Jessica<\/strong> de novo!<\/p>\n<p>\u00c9 oficial: o universo dos her\u00f3is da antiga Marvelflix est\u00e1 se reunindo. Uma vez que o Justiceiro tamb\u00e9m foi efetivado no MCU! Ademais, agora torcemos para que o <strong>Luke Cage<\/strong>, e quem sabe at\u00e9 os Defensores, tenham a mesma chance.<\/p>\n<p>Enfim, voc\u00ea est\u00e1 mais animado com o retorno da <strong>Jessica<\/strong> ou com a possibilidade de ver ela e o <strong>Demolidor<\/strong> trabalhando juntos de novo? O MCU est\u00e1 esquentando!<\/p>\n<p><strong>LEIA TAMB\u00c9M:<\/strong><\/p>\n<p>Por fim, siga de olho aqui no <strong>Legado da Marvel<\/strong> para mais informa\u00e7\u00f5es e curiosidades.<\/p>\n","protected":false},"excerpt":{"rendered":"Hora de conferir o \u2018novo\u2019 visual de Jessica Jones, mais uma personagem da antiga Marvel\/Netflix que est\u00e1 de&hellip;\n","protected":false},"author":2,"featured_media":115170,"comment_status":"","ping_status":"","sticky":false,"template":"","format":"standard","meta":{"footnotes":""},"categories":[140],"tags":[23312,114,115,147,148,27054,146,32,33],"class_list":{"0":"post-115169","1":"post","2":"type-post","3":"status-publish","4":"format-standard","5":"has-post-thumbnail","7":"category-filmes","8":"tag-demolidor-renascido","9":"tag-entertainment","10":"tag-entretenimento","11":"tag-film","12":"tag-filmes","13":"tag-jessica-jones","14":"tag-movies","15":"tag-portugal","16":"tag-pt"},"share_on_mastodon":{"url":"","error":""},"_links":{"self":[{"href":"https:\/\/www.europesays.com\/pt\/wp-json\/wp\/v2\/posts\/115169","targetHints":{"allow":["GET"]}}],"collection":[{"href":"https:\/\/www.europesays.com\/pt\/wp-json\/wp\/v2\/posts"}],"about":[{"href":"https:\/\/www.europesays.com\/pt\/wp-json\/wp\/v2\/types\/post"}],"author":[{"embeddable":true,"href":"https:\/\/www.europesays.com\/pt\/wp-json\/wp\/v2\/users\/2"}],"replies":[{"embeddable":true,"href":"https:\/\/www.europesays.com\/pt\/wp-json\/wp\/v2\/comments?post=115169"}],"version-history":[{"count":0,"href":"https:\/\/www.europesays.com\/pt\/wp-json\/wp\/v2\/posts\/115169\/revisions"}],"wp:featuredmedia":[{"embeddable":true,"href":"https:\/\/www.europesays.com\/pt\/wp-json\/wp\/v2\/media\/115170"}],"wp:attachment":[{"href":"https:\/\/www.europesays.com\/pt\/wp-json\/wp\/v2\/media?parent=115169"}],"wp:term":[{"taxonomy":"category","embeddable":true,"href":"https:\/\/www.europesays.com\/pt\/wp-json\/wp\/v2\/categories?post=115169"},{"taxonomy":"post_tag","embeddable":true,"href":"https:\/\/www.europesays.com\/pt\/wp-json\/wp\/v2\/tags?post=115169"}],"curies":[{"name":"wp","href":"https:\/\/api.w.org\/{rel}","templated":true}]}}