{"id":115179,"date":"2025-10-17T21:29:16","date_gmt":"2025-10-17T21:29:16","guid":{"rendered":"https:\/\/www.europesays.com\/pt\/115179\/"},"modified":"2025-10-17T21:29:16","modified_gmt":"2025-10-17T21:29:16","slug":"filme-do-twice-tem-estreia-nos-cinemas-brasileiros-confirmada","status":"publish","type":"post","link":"https:\/\/www.europesays.com\/pt\/115179\/","title":{"rendered":"Filme do TWICE tem estreia nos cinemas brasileiros confirmada"},"content":{"rendered":"<p>Nesta sexta-feira, 17, a Sato Company divulgou um v\u00eddeo in\u00e9dito das integrantes do <a href=\"https:\/\/recreio.com.br\/noticias\/entretenimento\/twice-faz-historia-em-desfile-do-victorias-secrets-fashion-show-veja.phtml\" target=\"_blank\" rel=\"noopener nofollow\">TWICE<\/a> anunciando a exibi\u00e7\u00e3o do document\u00e1rio intitulado \u201cONE IN A MILLION, TWICE\u201d nas telonas dos cinemas brasileiros.\u00a0<\/p>\n<blockquote class=\"instagram-media\" style=\"background: #FFF; border: 0; border-radius: 3px; box-shadow: 0 0 1px 0 rgba(0,0,0,0.5),0 1px 10px 0 rgba(0,0,0,0.15); margin: 1px; max-width: 540px; min-width: 326px; padding: 0; width: calc(100% - 2px);\" data-instgrm-captioned=\"\" data-instgrm-permalink=\"https:\/\/www.instagram.com\/reel\/DPuTDCQEpha\/?utm_source=ig_embed&amp;utm_campaign=loading\" data-instgrm-version=\"14\"><\/blockquote>\n<p>A produ\u00e7\u00e3o faz parte da celebra\u00e7\u00e3o de dez anos da estreia do grupo na ind\u00fastria do <a href=\"https:\/\/recreio.com.br\/tags\/k-pop\" target=\"_blank\" rel=\"noopener nofollow\">k-pop<\/a> acontecida no dia 20 de outubro de 2015. Segunda a <a href=\"https:\/\/www.twiceoneinamillion.com\/synopsis\/\" target=\"_blank\" rel=\"noopener nofollow\">JYP Entertainment<\/a>, o document\u00e1rio \u201csegue sua jornada de uma d\u00e9cada \u2014 incont\u00e1veis horas de dedica\u00e7\u00e3o, os holofotes deslumbrantes de turn\u00eas mundiais e reflex\u00f5es sinceras sobre seu crescimento, amizade e at\u00e9 mesmo seus sonhos para o futuro.\u201d<\/p>\n<p>Vale ressaltar que, informa\u00e7\u00f5es como o dia de exibi\u00e7\u00e3o e demais informa\u00e7\u00f5es ser\u00e3o informados posteriormente pela distribuidora.\u00a0<\/p>\n<p>\t Mais sobre TWICE <\/p>\n<p>Formado em 2015 atrav\u00e9s do programa de variedades organizado pela JYP Entertainment, \u2018Sixteen\u2019, o TWICE \u00e9 composto por nove integrantes: <strong>Nayeon, Jeongyeon, Momo, Sana, <a href=\"https:\/\/www.instagram.com\/_zyozyo\/\" target=\"_blank\" rel=\"noopener nofollow\">Jihyo<\/a>, Mina, Dahyun, Chaeyoung<\/strong> e <strong>Tzuyu.<\/strong> Apelidadas carinhosamente na Coreia do Sul como \u201cThe Nation\u2019s Girl Group\u201d (\u201cGirl Group da Na\u00e7\u00e3o, em portugu\u00eas), o grupo fez sua estreia com o EP \u2018The Story Begins\u201d que conta com o single \u201cLike Ooh-ahh\u201d.<\/p>\n<p>A notoriedade do girlgroup dentro da terceira gera\u00e7\u00e3o do k-pop chegou um ano ap\u00f3s, com o lan\u00e7amento do segundo EP, \u201cPAGE TWO\u201d, que possui \u201cCHEER UP\u201d como faixa principal. Ela conquistou o topo de paradas sul-coreanas importantes como Gaon Digital Charts, sendo o single com melhores n\u00fameros no ano, al\u00e9m de tamb\u00e9m vencer a categoria \u201cCan\u00e7\u00e3o do Ano\u201d no Melon Music Awards e Mnet Asian Music Awards.<\/p>\n<p>As integrantes do TWICE tamb\u00e9m foram as primeiras artistas femininas coreanas a liderar simultaneamente as paradas da \u201cWorld Albums\u201d e \u201cWorld Digital Song Sales\u201d da Billboard como o seu primeiro \u00e1lbum completo de est\u00fadio, \u2018<a href=\"https:\/\/en.wikipedia.org\/wiki\/Twicetagram\" target=\"_blank\" rel=\"noopener nofollow\">Twicetagram<\/a>\u2018, estreado em 2017 com o single \u201cLikey\u201d.<\/p>\n<p>Seu mais recente lan\u00e7amento aconteceu em 10 de outubro, com o lan\u00e7amento do disco \u201cTEN: The Story Goes On\u201d, \u00e1lbum em comemora\u00e7\u00e3o ao seu d\u00e9cimo anivers\u00e1rio de debut. Confira o clipe da title track \u201cME+YOU\u201d!<\/p>\n<p>\t                                            <script async src=\"\/\/www.instagram.com\/embed.js\"><\/script><\/p>\n","protected":false},"excerpt":{"rendered":"Nesta sexta-feira, 17, a Sato Company divulgou um v\u00eddeo in\u00e9dito das integrantes do TWICE anunciando a exibi\u00e7\u00e3o do&hellip;\n","protected":false},"author":2,"featured_media":115180,"comment_status":"","ping_status":"","sticky":false,"template":"","format":"standard","meta":{"footnotes":""},"categories":[140],"tags":[470,114,115,147,148,1688,146,32,33,14047],"class_list":{"0":"post-115179","1":"post","2":"type-post","3":"status-publish","4":"format-standard","5":"has-post-thumbnail","7":"category-filmes","8":"tag-cinema","9":"tag-entertainment","10":"tag-entretenimento","11":"tag-film","12":"tag-filmes","13":"tag-k-pop","14":"tag-movies","15":"tag-portugal","16":"tag-pt","17":"tag-twice"},"share_on_mastodon":{"url":"","error":""},"_links":{"self":[{"href":"https:\/\/www.europesays.com\/pt\/wp-json\/wp\/v2\/posts\/115179","targetHints":{"allow":["GET"]}}],"collection":[{"href":"https:\/\/www.europesays.com\/pt\/wp-json\/wp\/v2\/posts"}],"about":[{"href":"https:\/\/www.europesays.com\/pt\/wp-json\/wp\/v2\/types\/post"}],"author":[{"embeddable":true,"href":"https:\/\/www.europesays.com\/pt\/wp-json\/wp\/v2\/users\/2"}],"replies":[{"embeddable":true,"href":"https:\/\/www.europesays.com\/pt\/wp-json\/wp\/v2\/comments?post=115179"}],"version-history":[{"count":0,"href":"https:\/\/www.europesays.com\/pt\/wp-json\/wp\/v2\/posts\/115179\/revisions"}],"wp:featuredmedia":[{"embeddable":true,"href":"https:\/\/www.europesays.com\/pt\/wp-json\/wp\/v2\/media\/115180"}],"wp:attachment":[{"href":"https:\/\/www.europesays.com\/pt\/wp-json\/wp\/v2\/media?parent=115179"}],"wp:term":[{"taxonomy":"category","embeddable":true,"href":"https:\/\/www.europesays.com\/pt\/wp-json\/wp\/v2\/categories?post=115179"},{"taxonomy":"post_tag","embeddable":true,"href":"https:\/\/www.europesays.com\/pt\/wp-json\/wp\/v2\/tags?post=115179"}],"curies":[{"name":"wp","href":"https:\/\/api.w.org\/{rel}","templated":true}]}}