{"id":115187,"date":"2025-10-17T21:40:41","date_gmt":"2025-10-17T21:40:41","guid":{"rendered":"https:\/\/www.europesays.com\/pt\/115187\/"},"modified":"2025-10-17T21:40:41","modified_gmt":"2025-10-17T21:40:41","slug":"um-divorcio-pra-la-de-conturbado","status":"publish","type":"post","link":"https:\/\/www.europesays.com\/pt\/115187\/","title":{"rendered":"Um div\u00f3rcio pra l\u00e1 de conturbado"},"content":{"rendered":"<p>&#8216;A guerra dos Roses&#8217; combina humor \u00e1cido com toques de drama conjugal retorna \u00e0s livrarias ap\u00f3s o sucesso de sua nova adapta\u00e7\u00e3o para o cinema<\/p>\n<p><img loading=\"lazy\" decoding=\"async\" src=\"https:\/\/www.europesays.com\/pt\/wp-content\/uploads\/2025\/10\/qkJssQ2IuN43Wfpfl8VMKJWgSSGvbPC4JrCjywQzC9NmY4he9C8KVLFJ8cVG6mrva9Qv4409mMGoCopa.jpg\" width=\"126\" height=\"193\" \/>Desde o lan\u00e7amento original, a ic\u00f4nica guerra entre Jonathan e Barbara em A guerra dos Roses (<a href=\"https:\/\/www.publishnews.com.br\/etiquetas\/intrinseca\" rel=\"nofollow noopener\" target=\"_blank\">Intr\u00ednseca<\/a>, 288 pp, R$ 59,90, com tradu\u00e7\u00e3o de Andr\u00e9 Czarnobai) combina humor \u00e1cido com toques de drama conjugal retorna \u00e0s livrarias ap\u00f3s o sucesso de sua nova adapta\u00e7\u00e3o, que estreou recentemente nos cinemas. Na obra de Warren Adler, Jonathan \u00e9 um advogado bem-sucedido e Barbara, uma mulher que dedicou a vida \u00e0 fam\u00edlia. Casados h\u00e1 18 anos, os Roses parecem levar a vida dos sonhos: moram em um lindo casar\u00e3o com os filhos, os animais de estima\u00e7\u00e3o, uma valiosa cole\u00e7\u00e3o de antiguidades e ainda tem uma bela Ferrari na garagem. Mas uma inesperada disputa se inicia logo ap\u00f3s Jonathan ter um repentino (e suposto) ataque card\u00edaco, que desperta em Barbara profundas reflex\u00f5es sobre o seu casamento. Ao perceber que n\u00e3o se importa mais com o marido e deseja uma vida livre dele, ela inicia os tr\u00e2mites do div\u00f3rcio, s\u00f3 que h\u00e1 um desafio para a separa\u00e7\u00e3o: decidir quem fica com a casa. A propriedade, que representa a paix\u00e3o de uma vida inteira para ambos, se transforma, ent\u00e3o, numa completa zona de guerra, j\u00e1 que um est\u00e1 determinado a expulsar o outro, custe o que custar. <\/p>\n","protected":false},"excerpt":{"rendered":"&#8216;A guerra dos Roses&#8217; combina humor \u00e1cido com toques de drama conjugal retorna \u00e0s livrarias ap\u00f3s o sucesso&hellip;\n","protected":false},"author":2,"featured_media":17657,"comment_status":"","ping_status":"","sticky":false,"template":"","format":"standard","meta":{"footnotes":"","_share_on_mastodon":"0"},"categories":[143],"tags":[868,877,867,169,869,872,873,880,114,115,874,870,875,878,879,864,876,237,871,170,865,866,13,32,33],"class_list":["post-115187","post","type-post","status-publish","format-standard","has-post-thumbnail","category-livros","tag-best-seller","tag-biblioteca","tag-bienal-do-livro","tag-books","tag-clipping","tag-e-book","tag-ebook","tag-editora","tag-entertainment","tag-entretenimento","tag-escritor","tag-eventos","tag-festival-literario","tag-lancamentos","tag-leitura","tag-literatura","tag-livraria","tag-livro","tag-livro-digital","tag-livros","tag-mercado-editorial","tag-mercado-livreiro","tag-noticias","tag-portugal","tag-pt"],"share_on_mastodon":{"url":"","error":""},"_links":{"self":[{"href":"https:\/\/www.europesays.com\/pt\/wp-json\/wp\/v2\/posts\/115187","targetHints":{"allow":["GET"]}}],"collection":[{"href":"https:\/\/www.europesays.com\/pt\/wp-json\/wp\/v2\/posts"}],"about":[{"href":"https:\/\/www.europesays.com\/pt\/wp-json\/wp\/v2\/types\/post"}],"author":[{"embeddable":true,"href":"https:\/\/www.europesays.com\/pt\/wp-json\/wp\/v2\/users\/2"}],"replies":[{"embeddable":true,"href":"https:\/\/www.europesays.com\/pt\/wp-json\/wp\/v2\/comments?post=115187"}],"version-history":[{"count":0,"href":"https:\/\/www.europesays.com\/pt\/wp-json\/wp\/v2\/posts\/115187\/revisions"}],"wp:featuredmedia":[{"embeddable":true,"href":"https:\/\/www.europesays.com\/pt\/wp-json\/wp\/v2\/media\/17657"}],"wp:attachment":[{"href":"https:\/\/www.europesays.com\/pt\/wp-json\/wp\/v2\/media?parent=115187"}],"wp:term":[{"taxonomy":"category","embeddable":true,"href":"https:\/\/www.europesays.com\/pt\/wp-json\/wp\/v2\/categories?post=115187"},{"taxonomy":"post_tag","embeddable":true,"href":"https:\/\/www.europesays.com\/pt\/wp-json\/wp\/v2\/tags?post=115187"}],"curies":[{"name":"wp","href":"https:\/\/api.w.org\/{rel}","templated":true}]}}