{"id":115194,"date":"2025-10-17T21:51:25","date_gmt":"2025-10-17T21:51:25","guid":{"rendered":"https:\/\/www.europesays.com\/pt\/115194\/"},"modified":"2025-10-17T21:51:25","modified_gmt":"2025-10-17T21:51:25","slug":"convocadas-para-duplo-compromisso-com-os-eua-fpf","status":"publish","type":"post","link":"https:\/\/www.europesays.com\/pt\/115194\/","title":{"rendered":"Convocadas para duplo compromisso com os EUA &#8211; FPF"},"content":{"rendered":"<ol>\n<li><a href=\"https:\/\/news.google.com\/rss\/articles\/CBMifkFVX3lxTE1LblJHSUdRaUxTeUpOWXAyajRrTVVzdXpqV2JaYURtdHp4dWFXNUhHbk1jWFRZMTU2cmRab2xkbzM0UWtCWXlydEpKekh3SmpSaXhaLXJRSVo1Vk1LY2dBbjF2eU43aUxtSHhxbmFjQk9Mc1FNRUd6YUltUHpVZw?oc=5\" target=\"_blank\" rel=\"nofollow noopener\">Convocadas para duplo compromisso com os EUA<\/a>&nbsp;&nbsp;FPF<\/li>\n<li><a href=\"https:\/\/news.google.com\/rss\/articles\/CBMi1gFBVV95cUxOQllfdjJONklQS1FZOTU0TVd4VDFhWTFyQWttaks4a0pwV0szRE5jMWt0OGsyNWVyMkZ5b1VBN1BwUGhBMnNqNUJuY0E1T0UydDZ4ZjJRZTQ4ZHhaUTc1UHBhOHlYQnU5aDhFZVk0NDFhZklzbVp2d2JSMjY0NUgzRkpfNDEtWU5VVzYxM3A3dWJ0YkJucWQtd3I3OUJkbXRwSVZIY3ZBSkREQzZnTlZ5WVJQVmI2UUs3elhoZU1sUGlrcS1Rd0EtNVJ3ZkNiYTgxVWN1b3pR?oc=5\" target=\"_blank\" rel=\"nofollow noopener\">Francisco Neto convoca quatro estreantes para o duplo confronto com os Estados Unidos<\/a>&nbsp;&nbsp;RTP<\/li>\n<li><a href=\"https:\/\/news.google.com\/rss\/articles\/CBMi5AFBVV95cUxNWm1SUmsyUVZGYWFtbkxrWnBURWl4YlFxZUJpR3RIV3ZjV1c2VHlOSXQzcjNVRDg1eklKNlFTRkhoVzFnZ2F0dlJ4aFpDeFNuMzFxaHp3djNGbjVTQmN2andEU1BFNXZaRUVhVGlMZ2trTzZ3dmY1R3dVZUx2TlVIWGxQY3JlVDZsaWd0N1d5UzdiM081eFgtSENWN1czUVBRdDRTdTU5S0VfdjJNT2VjZzBIQk9vcDRwZGhtRHI1azE2WUdKUHVSQklyOE40eGthN2JUS18xZEZjYWZjdHpWUUpnZ3U?oc=5\" target=\"_blank\" rel=\"nofollow noopener\">\u00abA \u00fanica equipa do mundo que num ano jogou tr\u00eas vezes com as campe\u00e3s mundiais e duas com as europeias\u00bb<\/a>&nbsp;&nbsp;A Bola<\/li>\n<li><a href=\"https:\/\/news.google.com\/rss\/articles\/CBMivwFBVV95cUxORmRZQzB2bWhHcWV5cF9lVXRwNDZHellyellESHBWQU54WlUxa1ZydlFPRXBNckgtMlBHZG5PZm5QSWZHdmRCS3NjSUlBelAzQUFtY0xSanZNQUNqWWdkMDRYY1plNTdhU0NQYUxKMmhsQVRGYVN4bV9nQy1jZjVaUUJSd2FnM0hXQ0FYT3dFNmdkRURyUzJFSU9sMzBoVWxWZTM2ZFZLOUt6RWZDT3c3R3BIM0JKd3ZsQXRQa0o4dw?oc=5\" target=\"_blank\" rel=\"nofollow noopener\">Carolina Santiago estreia-se pela Sele\u00e7\u00e3o Nacional Feminina A nos Estados Unidos<\/a>&nbsp;&nbsp;O Gaiense<\/li>\n<li><a href=\"https:\/\/news.google.com\/rss\/articles\/CBMihgFBVV95cUxORER1TEplSjBiMTVualU1NnlQNklERG9pYUlISUJuQ2g3TVMyRzNkSjRGZFgybkp1RU9JN2R0OEJLdFZTc3N4eTBXZVpuai12RHVwQlRnOS1lQjBsY09wUDcwTDk2Y0I5bHRPRlVnOEtzeXhNclZrRUl6UmpnUHZlcWJaemw2UQ?oc=5\" target=\"_blank\" rel=\"nofollow noopener\">Maria Alagoa e Patr\u00edcia Morais na Sele\u00e7\u00e3o Nacional Feminina<\/a>&nbsp;&nbsp;Sporting Clube de Braga<\/li>\n<\/ol>\n","protected":false},"excerpt":{"rendered":"Convocadas para duplo compromisso com os EUA&nbsp;&nbsp;FPF Francisco Neto convoca quatro estreantes para o duplo confronto com os&hellip;\n","protected":false},"author":2,"featured_media":115195,"comment_status":"","ping_status":"","sticky":false,"template":"","format":"standard","meta":{"footnotes":""},"categories":[8],"tags":[27,28,15,16,14,25,26,21,22,12,13,19,20,32,23,24,33,17,18,29,30,31],"class_list":{"0":"post-115194","1":"post","2":"type-post","3":"status-publish","4":"format-standard","5":"has-post-thumbnail","7":"category-principais-noticias","8":"tag-breaking-news","9":"tag-breakingnews","10":"tag-featured-news","11":"tag-featurednews","12":"tag-headlines","13":"tag-latest-news","14":"tag-latestnews","15":"tag-main-news","16":"tag-mainnews","17":"tag-news","18":"tag-noticias","19":"tag-noticias-principais","20":"tag-noticiasprincipais","21":"tag-portugal","22":"tag-principais-noticias","23":"tag-principaisnoticias","24":"tag-pt","25":"tag-top-stories","26":"tag-topstories","27":"tag-ultimas","28":"tag-ultimas-noticias","29":"tag-ultimasnoticias"},"share_on_mastodon":{"url":"","error":""},"_links":{"self":[{"href":"https:\/\/www.europesays.com\/pt\/wp-json\/wp\/v2\/posts\/115194","targetHints":{"allow":["GET"]}}],"collection":[{"href":"https:\/\/www.europesays.com\/pt\/wp-json\/wp\/v2\/posts"}],"about":[{"href":"https:\/\/www.europesays.com\/pt\/wp-json\/wp\/v2\/types\/post"}],"author":[{"embeddable":true,"href":"https:\/\/www.europesays.com\/pt\/wp-json\/wp\/v2\/users\/2"}],"replies":[{"embeddable":true,"href":"https:\/\/www.europesays.com\/pt\/wp-json\/wp\/v2\/comments?post=115194"}],"version-history":[{"count":0,"href":"https:\/\/www.europesays.com\/pt\/wp-json\/wp\/v2\/posts\/115194\/revisions"}],"wp:featuredmedia":[{"embeddable":true,"href":"https:\/\/www.europesays.com\/pt\/wp-json\/wp\/v2\/media\/115195"}],"wp:attachment":[{"href":"https:\/\/www.europesays.com\/pt\/wp-json\/wp\/v2\/media?parent=115194"}],"wp:term":[{"taxonomy":"category","embeddable":true,"href":"https:\/\/www.europesays.com\/pt\/wp-json\/wp\/v2\/categories?post=115194"},{"taxonomy":"post_tag","embeddable":true,"href":"https:\/\/www.europesays.com\/pt\/wp-json\/wp\/v2\/tags?post=115194"}],"curies":[{"name":"wp","href":"https:\/\/api.w.org\/{rel}","templated":true}]}}