{"id":115210,"date":"2025-10-17T22:11:11","date_gmt":"2025-10-17T22:11:11","guid":{"rendered":"https:\/\/www.europesays.com\/pt\/115210\/"},"modified":"2025-10-17T22:11:11","modified_gmt":"2025-10-17T22:11:11","slug":"radio-educadora-fm-dois-vizinhos-pr-16","status":"publish","type":"post","link":"https:\/\/www.europesays.com\/pt\/115210\/","title":{"rendered":"R\u00e1dio Educadora FM &#8211; Dois Vizinhos PR."},"content":{"rendered":"<p>\n                            Solenidade aconteceu na quinta-feira, 16.                        <\/p>\n<p style=\"text-align: justify;\">Na \u00faltima quinta-feira, 16, aconteceu a inaugura\u00e7\u00e3o da primeira mesquita do Sudoeste em Dois Vizinhos. O espa\u00e7o religioso, com mais de 500 metros quadrados,\u00a0est\u00e1 localizado na\u00a0Avenida A, Bairro Santa Luzia. A inaugura\u00e7\u00e3o foi promovida pelo\u00a0Centro de Divulga\u00e7\u00e3o do Islam para a Am\u00e9rica Latina (CDIAL), entidade com sede em S\u00e3o Bernardo do Campo (SP), reconhecida internacionalmente por seu trabalho de di\u00e1logo inter-religioso e promo\u00e7\u00e3o da conviv\u00eancia pac\u00edfica entre diferentes tradi\u00e7\u00f5es de f\u00e9.<\/p>\n<p style=\"text-align: justify;\">O evento se consagra como um\u00a0s\u00edmbolo de respeito, diversidade e integra\u00e7\u00e3o cultural. A nova mesquita consolida a presen\u00e7a da\u00a0comunidade mu\u00e7ulmana em Dois Vizinhos, hoje formada por cerca de\u00a0500 pessoas e reafirma o munic\u00edpio como uma\u00a0cidade acolhedora e plural, que tem no\u00a0di\u00e1logo e na conviv\u00eancia entre diferentes cren\u00e7as\u00a0um dos pilares de sua identidade social.<\/p>\n<p style=\"text-align: justify;\">O presidente do CDIAL,\u00a0Ahmad Ali Saifi, destacou que o acontecimento simboliza um passo importante para o fortalecimento dos la\u00e7os de amizade e coopera\u00e7\u00e3o entre as comunidades locais. \u201cEsta inaugura\u00e7\u00e3o \u00e9 um gesto de respeito m\u00fatuo e de aproxima\u00e7\u00e3o entre culturas e tradi\u00e7\u00f5es, mostrando que a f\u00e9, em suas diversas formas, pode ser um ponto de uni\u00e3o\u201d, afirmou.<\/p>\n<p style=\"text-align: justify;\">Fonte: Assessoria<\/p>\n","protected":false},"excerpt":{"rendered":"Solenidade aconteceu na quinta-feira, 16. Na \u00faltima quinta-feira, 16, aconteceu a inaugura\u00e7\u00e3o da primeira mesquita do Sudoeste em&hellip;\n","protected":false},"author":2,"featured_media":115211,"comment_status":"","ping_status":"","sticky":false,"template":"","format":"standard","meta":{"footnotes":""},"categories":[141],"tags":[3050,3056,3054,3055,3051,3052,114,115,1914,1915,149,150,3053,32,33,766],"class_list":{"0":"post-115210","1":"post","2":"type-post","3":"status-publish","4":"format-standard","5":"has-post-thumbnail","7":"category-musica","8":"tag-am","9":"tag-ao-vivo","10":"tag-dois-vizinhos","11":"tag-doisvizinhos","12":"tag-educadora","13":"tag-educadoradv","14":"tag-entertainment","15":"tag-entretenimento","16":"tag-fm","17":"tag-mp3","18":"tag-music","19":"tag-musica","20":"tag-player","21":"tag-portugal","22":"tag-pt","23":"tag-radio"},"share_on_mastodon":{"url":"","error":""},"_links":{"self":[{"href":"https:\/\/www.europesays.com\/pt\/wp-json\/wp\/v2\/posts\/115210","targetHints":{"allow":["GET"]}}],"collection":[{"href":"https:\/\/www.europesays.com\/pt\/wp-json\/wp\/v2\/posts"}],"about":[{"href":"https:\/\/www.europesays.com\/pt\/wp-json\/wp\/v2\/types\/post"}],"author":[{"embeddable":true,"href":"https:\/\/www.europesays.com\/pt\/wp-json\/wp\/v2\/users\/2"}],"replies":[{"embeddable":true,"href":"https:\/\/www.europesays.com\/pt\/wp-json\/wp\/v2\/comments?post=115210"}],"version-history":[{"count":0,"href":"https:\/\/www.europesays.com\/pt\/wp-json\/wp\/v2\/posts\/115210\/revisions"}],"wp:featuredmedia":[{"embeddable":true,"href":"https:\/\/www.europesays.com\/pt\/wp-json\/wp\/v2\/media\/115211"}],"wp:attachment":[{"href":"https:\/\/www.europesays.com\/pt\/wp-json\/wp\/v2\/media?parent=115210"}],"wp:term":[{"taxonomy":"category","embeddable":true,"href":"https:\/\/www.europesays.com\/pt\/wp-json\/wp\/v2\/categories?post=115210"},{"taxonomy":"post_tag","embeddable":true,"href":"https:\/\/www.europesays.com\/pt\/wp-json\/wp\/v2\/tags?post=115210"}],"curies":[{"name":"wp","href":"https:\/\/api.w.org\/{rel}","templated":true}]}}