{"id":115212,"date":"2025-10-17T22:13:09","date_gmt":"2025-10-17T22:13:09","guid":{"rendered":"https:\/\/www.europesays.com\/pt\/115212\/"},"modified":"2025-10-17T22:13:09","modified_gmt":"2025-10-17T22:13:09","slug":"fc-porto-benfica-a-nota-da-fpf-a-equipa-de-arbitragem-no-classico","status":"publish","type":"post","link":"https:\/\/www.europesays.com\/pt\/115212\/","title":{"rendered":"FC Porto-Benfica: a nota da FPF \u00e0 equipa de arbitragem no cl\u00e1ssico"},"content":{"rendered":"<p>Como tem sido habitual esta temporada, o Conselho de Arbitragem da Federa\u00e7\u00e3o Portuguesa de Futebol divulgou as m\u00e9tricas dos desempenhos das equipas de arbitragem nos encontros da oitava jornada na Liga e o destaque vai para a nota para o Cl\u00e1ssico entre o <a class=\"autolink-enabled\" data-resource-id=\"451\" data-resource-type=\"team\" data-sport=\"football\" href=\"https:\/\/www.abola.pt\/futebol\/fc-porto-451\" rel=\"nofollow noopener\" target=\"_blank\">FC Porto<\/a> e o <a class=\"autolink-enabled\" data-resource-id=\"450\" data-resource-type=\"team\" data-sport=\"football\" href=\"https:\/\/www.abola.pt\/futebol\/benfica-450\" rel=\"nofollow noopener\" target=\"_blank\">Benfica<\/a> (0-0), no Est\u00e1dio do Drag\u00e3o.<\/p>\n<p>A FPF considerou a exibi\u00e7\u00e3o do \u00e1rbitro de \u00abmuito satisfat\u00f3ria\u00bb e a do VAR de apenas \u00absatisfat\u00f3ria\u00bb, apesar de alguma pol\u00e9mica em redor da arbitragem. J\u00e1 no outro grande jogo da ronda 8, o <a target=\"_blank\" class=\"editor-link autolink-enabled\" href=\"https:\/\/www.abola.pt\/futebol\/sporting-448\" data-resource-id=\"448\" data-resource-type=\"team\" data-sport=\"football\" rel=\"nofollow noopener\">Sporting<\/a>&#8211;<a target=\"_blank\" class=\"editor-link autolink-enabled\" href=\"https:\/\/www.abola.pt\/futebol\/sc-braga-457\" data-resource-id=\"457\" data-resource-type=\"team\" data-sport=\"football\" rel=\"nofollow noopener\">SC Braga<\/a> (1-1), foi ao contr\u00e1rio: \u00e1rbitro teve nota de \u00absatisfat\u00f3rio\u00bb e o VAR de \u00abmuito satisfat\u00f3rio\u00bb, lembrando que houve uma grande penalidade marcada a favor dos minhotos na compensa\u00e7\u00e3o, com interven\u00e7\u00e3o do VAR. De resto, todas as notas foram, no m\u00ednimo, satisfat\u00f3rias.<\/p>\n<p><strong>Casa Pia-Estoril<\/strong><br \/>Arbitragem: Satisfat\u00f3rio<br \/>Videoarbitragem: Satisfat\u00f3rio<\/p>\n<p><strong>Nacional-Moreirense<\/strong><br \/>Arbitragem: Satisfat\u00f3rio<br \/>Videoarbitragem: Muito Satisfat\u00f3rio<\/p>\n<p><strong>Gil Vicente-Estrela da Amadora<\/strong><br \/>Arbitragem: Satisfat\u00f3rio<br \/>Videoarbitragem: Muito Satisfat\u00f3rio<\/p>\n<p><strong>Aves SAD-Alverca<\/strong><br \/>Arbitragem: Satisfat\u00f3rio<br \/>Videoarbitragem: Muito Satisfat\u00f3rio<\/p>\n<p><strong>Vit\u00f3ria de Guimar\u00e3es-Santa Clara<\/strong><br \/>Arbitragem: Satisfat\u00f3rio<br \/>Videoarbitragem: Satisfat\u00f3rio<\/p>\n<p><strong>Arouca-Famalic\u00e3o<\/strong><br \/>Arbitragem: Satisfat\u00f3rio<br \/>Videoarbitragem: Satisfat\u00f3rio<\/p>\n<p><strong>Rio Ave-Tondela<\/strong><br \/>Arbitragem: Satisfat\u00f3rio<br \/>Videoarbitragem: Satisfat\u00f3rio<\/p>\n<p><strong>Sporting-SC Braga<\/strong><br \/>Arbitragem: Satisfat\u00f3rio<br \/>Videoarbitragem: Muito Satisfat\u00f3rio<\/p>\n<p><strong>FC Porto-Benfica<\/strong><br \/>Arbitragem: Muito Satisfat\u00f3rio<br \/>Videoarbitragem: Satisfat\u00f3rio<\/p>\n","protected":false},"excerpt":{"rendered":"Como tem sido habitual esta temporada, o Conselho de Arbitragem da Federa\u00e7\u00e3o Portuguesa de Futebol divulgou as m\u00e9tricas&hellip;\n","protected":false},"author":2,"featured_media":115213,"comment_status":"","ping_status":"","sticky":false,"template":"","format":"standard","meta":{"footnotes":""},"categories":[87],"tags":[135,32,33,134],"class_list":{"0":"post-115212","1":"post","2":"type-post","3":"status-publish","4":"format-standard","5":"has-post-thumbnail","7":"category-desporto","8":"tag-desporto","9":"tag-portugal","10":"tag-pt","11":"tag-sports"},"share_on_mastodon":{"url":"","error":""},"_links":{"self":[{"href":"https:\/\/www.europesays.com\/pt\/wp-json\/wp\/v2\/posts\/115212","targetHints":{"allow":["GET"]}}],"collection":[{"href":"https:\/\/www.europesays.com\/pt\/wp-json\/wp\/v2\/posts"}],"about":[{"href":"https:\/\/www.europesays.com\/pt\/wp-json\/wp\/v2\/types\/post"}],"author":[{"embeddable":true,"href":"https:\/\/www.europesays.com\/pt\/wp-json\/wp\/v2\/users\/2"}],"replies":[{"embeddable":true,"href":"https:\/\/www.europesays.com\/pt\/wp-json\/wp\/v2\/comments?post=115212"}],"version-history":[{"count":0,"href":"https:\/\/www.europesays.com\/pt\/wp-json\/wp\/v2\/posts\/115212\/revisions"}],"wp:featuredmedia":[{"embeddable":true,"href":"https:\/\/www.europesays.com\/pt\/wp-json\/wp\/v2\/media\/115213"}],"wp:attachment":[{"href":"https:\/\/www.europesays.com\/pt\/wp-json\/wp\/v2\/media?parent=115212"}],"wp:term":[{"taxonomy":"category","embeddable":true,"href":"https:\/\/www.europesays.com\/pt\/wp-json\/wp\/v2\/categories?post=115212"},{"taxonomy":"post_tag","embeddable":true,"href":"https:\/\/www.europesays.com\/pt\/wp-json\/wp\/v2\/tags?post=115212"}],"curies":[{"name":"wp","href":"https:\/\/api.w.org\/{rel}","templated":true}]}}