{"id":115225,"date":"2025-10-17T22:22:08","date_gmt":"2025-10-17T22:22:08","guid":{"rendered":"https:\/\/www.europesays.com\/pt\/115225\/"},"modified":"2025-10-17T22:22:08","modified_gmt":"2025-10-17T22:22:08","slug":"lua-de-mel-apartamento-para-jovem-casal-e-permeado-por-tons-terrosos-yearbook","status":"publish","type":"post","link":"https:\/\/www.europesays.com\/pt\/115225\/","title":{"rendered":"Lua de mel: apartamento para jovem casal \u00e9 permeado por tons terrosos | Yearbook"},"content":{"rendered":"\n<p class=\" content-text__container theme-color-primary-first-letter\" data-track-category=\"Link no Texto\" data-track-links=\"\"> Em Veran\u00f3polis, na Serra Ga\u00facha, esta cobertura de 260 m\u00b2 foi projetada para um jovem casal com estilo de vida din\u00e2mico. Eles desejavam ambientes agrad\u00e1veis para receber bem os amigos e familiares. A fim de criar um layout flex\u00edvel e uma atmosfera acolhedora, a arquiteta <a class=\"\" href=\"https:\/\/www.instagram.com\/studiogabrielasachini\/\" target=\"_blank\" rel=\"nofollow noopener\">Gabriela Sachini<\/a> apostou na est\u00e9tica atemporal, com<a class=\"\" href=\"https:\/\/casavogue.globo.com\/Interiores\/Ambientes\/noticia\/2020\/02\/40-ideias-de-decoracao-neutra-para-voce-se-inspirar.html\" rel=\"nofollow noopener\" target=\"_blank\"> tons neutros<\/a> e design de linhas puras. <\/p>\n<p> <script async src=\"\/\/www.instagram.com\/embed.js\"><\/script><\/p>\n","protected":false},"excerpt":{"rendered":"Em Veran\u00f3polis, na Serra Ga\u00facha, esta cobertura de 260 m\u00b2 foi projetada para um jovem casal com estilo&hellip;\n","protected":false},"author":2,"featured_media":115226,"comment_status":"","ping_status":"","sticky":false,"template":"","format":"standard","meta":{"footnotes":""},"categories":[144],"tags":[207,205,206,203,201,202,204,114,115,32,33],"class_list":{"0":"post-115225","1":"post","2":"type-post","3":"status-publish","4":"format-standard","5":"has-post-thumbnail","7":"category-arte-e-design","8":"tag-arte","9":"tag-arte-e-design","10":"tag-artedesign","11":"tag-arts","12":"tag-arts-and-design","13":"tag-artsanddesign","14":"tag-design","15":"tag-entertainment","16":"tag-entretenimento","17":"tag-portugal","18":"tag-pt"},"share_on_mastodon":{"url":"","error":""},"_links":{"self":[{"href":"https:\/\/www.europesays.com\/pt\/wp-json\/wp\/v2\/posts\/115225","targetHints":{"allow":["GET"]}}],"collection":[{"href":"https:\/\/www.europesays.com\/pt\/wp-json\/wp\/v2\/posts"}],"about":[{"href":"https:\/\/www.europesays.com\/pt\/wp-json\/wp\/v2\/types\/post"}],"author":[{"embeddable":true,"href":"https:\/\/www.europesays.com\/pt\/wp-json\/wp\/v2\/users\/2"}],"replies":[{"embeddable":true,"href":"https:\/\/www.europesays.com\/pt\/wp-json\/wp\/v2\/comments?post=115225"}],"version-history":[{"count":0,"href":"https:\/\/www.europesays.com\/pt\/wp-json\/wp\/v2\/posts\/115225\/revisions"}],"wp:featuredmedia":[{"embeddable":true,"href":"https:\/\/www.europesays.com\/pt\/wp-json\/wp\/v2\/media\/115226"}],"wp:attachment":[{"href":"https:\/\/www.europesays.com\/pt\/wp-json\/wp\/v2\/media?parent=115225"}],"wp:term":[{"taxonomy":"category","embeddable":true,"href":"https:\/\/www.europesays.com\/pt\/wp-json\/wp\/v2\/categories?post=115225"},{"taxonomy":"post_tag","embeddable":true,"href":"https:\/\/www.europesays.com\/pt\/wp-json\/wp\/v2\/tags?post=115225"}],"curies":[{"name":"wp","href":"https:\/\/api.w.org\/{rel}","templated":true}]}}