{"id":115287,"date":"2025-10-17T23:36:12","date_gmt":"2025-10-17T23:36:12","guid":{"rendered":"https:\/\/www.europesays.com\/pt\/115287\/"},"modified":"2025-10-17T23:36:12","modified_gmt":"2025-10-17T23:36:12","slug":"fabio-furioso-com-dylan-apos-ataques-a-liliana-fiquei-calado-para-nao-ser-expulso-secret-story","status":"publish","type":"post","link":"https:\/\/www.europesays.com\/pt\/115287\/","title":{"rendered":"F\u00e1bio furioso com Dylan ap\u00f3s ataques a Liliana: \u00abFiquei calado para n\u00e3o ser expulso\u00bb &#8211; Secret Story"},"content":{"rendered":"<p>No Secret Story 9, o ambiente ficou tenso ap\u00f3s a din\u00e2mica dos mexericos. F\u00e1bio mostrou-se visivelmente nervoso e dirigiu-se ao confession\u00e1rio para se acalmar, confessando ter ficado furioso com as cr\u00edticas de Dylan a Liliana, especialmente quando o colega afirmou que nem a fam\u00edlia a apoia nas suas decis\u00f5es. Enquanto no exterior os concorrentes continuavam a comentar o comportamento de Liliana, F\u00e1bio desabafou com as Marisas e admitiu que se conteve para n\u00e3o reagir de forma que o pudesse levar \u00e0 expuls\u00e3o.<\/p>\n<p><strong>J\u00e1 pode votar para salvar o seu concorrente favorito:<\/strong><\/p>\n<p><strong>ANA CRISTINA \u2013 761 20 20 02<br \/>BRUNA \u2013 761 20 20 03<br \/>DYLAN \u2013 761 20 20 07<br \/>JOANA \u2013 761 20 20 11<br \/>MARISA SUSANA \u2013 761 20 20 17<\/strong><\/p>\n<p><a href=\"https:\/\/tvi.iol.pt\/secretstory\/aominuto\" wbo-id=\"32\" rel=\"nofollow noopener\" target=\"_blank\">Acompanhe tudo ao minuto<\/a><\/p>\n<p>\u00a0<\/p>\n","protected":false},"excerpt":{"rendered":"No Secret Story 9, o ambiente ficou tenso ap\u00f3s a din\u00e2mica dos mexericos. F\u00e1bio mostrou-se visivelmente nervoso e&hellip;\n","protected":false},"author":2,"featured_media":115288,"comment_status":"","ping_status":"","sticky":false,"template":"","format":"standard","meta":{"footnotes":""},"categories":[142],"tags":[19105,114,115,19082,19033,19016,19034,32,33,151,19032],"class_list":{"0":"post-115287","1":"post","2":"type-post","3":"status-publish","4":"format-standard","5":"has-post-thumbnail","7":"category-tv","8":"tag-dylan","9":"tag-entertainment","10":"tag-entretenimento","11":"tag-fabio","12":"tag-galas-em-video","13":"tag-liliana","14":"tag-melhores-momentos-casa-dos-segredos","15":"tag-portugal","16":"tag-pt","17":"tag-tv","18":"tag-videos-secret-story-tvi"},"share_on_mastodon":{"url":"","error":""},"_links":{"self":[{"href":"https:\/\/www.europesays.com\/pt\/wp-json\/wp\/v2\/posts\/115287","targetHints":{"allow":["GET"]}}],"collection":[{"href":"https:\/\/www.europesays.com\/pt\/wp-json\/wp\/v2\/posts"}],"about":[{"href":"https:\/\/www.europesays.com\/pt\/wp-json\/wp\/v2\/types\/post"}],"author":[{"embeddable":true,"href":"https:\/\/www.europesays.com\/pt\/wp-json\/wp\/v2\/users\/2"}],"replies":[{"embeddable":true,"href":"https:\/\/www.europesays.com\/pt\/wp-json\/wp\/v2\/comments?post=115287"}],"version-history":[{"count":0,"href":"https:\/\/www.europesays.com\/pt\/wp-json\/wp\/v2\/posts\/115287\/revisions"}],"wp:featuredmedia":[{"embeddable":true,"href":"https:\/\/www.europesays.com\/pt\/wp-json\/wp\/v2\/media\/115288"}],"wp:attachment":[{"href":"https:\/\/www.europesays.com\/pt\/wp-json\/wp\/v2\/media?parent=115287"}],"wp:term":[{"taxonomy":"category","embeddable":true,"href":"https:\/\/www.europesays.com\/pt\/wp-json\/wp\/v2\/categories?post=115287"},{"taxonomy":"post_tag","embeddable":true,"href":"https:\/\/www.europesays.com\/pt\/wp-json\/wp\/v2\/tags?post=115287"}],"curies":[{"name":"wp","href":"https:\/\/api.w.org\/{rel}","templated":true}]}}