{"id":115303,"date":"2025-10-17T23:55:13","date_gmt":"2025-10-17T23:55:13","guid":{"rendered":"https:\/\/www.europesays.com\/pt\/115303\/"},"modified":"2025-10-17T23:55:13","modified_gmt":"2025-10-17T23:55:13","slug":"sara-prata-revela-a-nova-febre-que-conquistou-a-filha-a-paixao-e-real-novelas","status":"publish","type":"post","link":"https:\/\/www.europesays.com\/pt\/115303\/","title":{"rendered":"Sara Prata revela a nova &#8216;febre&#8217; que conquistou a filha: \u00abA paix\u00e3o \u00e9 real\u00bb &#8211; Novelas"},"content":{"rendered":"<p><a href=\"https:\/\/tvi.iol.pt\/novelas\/search?pagina=1&amp;pesquisa=sara+prata\" rel=\"nofollow noopener\" target=\"_blank\">Sara Prata<\/a> encantou os seguidores ao partilhar uma s\u00e9rie de fotografias da filha num momento de descoberta cheio de ternura. A atriz contou que a menina, f\u00e3 da personagem Rumi, a surpreendeu ao perguntar: <strong>\u00abM\u00e3e, o que \u00e9 um ramen?\u00bb<\/strong>\u00a0&#8211; e esse foi o pretexto perfeito para um programa em fam\u00edlia.<\/p>\n<p>Com o outono a instalar-se, o plano n\u00e3o podia ser mais acolhedor: uma refei\u00e7\u00e3o quente e divertida, cheia de curiosidade infantil. <strong>\u00abO outono chegou, est\u00e1 aberta a \u00e9poca do ramen quentinho&#8230; e ela amou\u00bb<\/strong>, escreveu Sara, mostrando-se rendida \u00e0 felicidade simples da filha.<\/p>\n<p>A publica\u00e7\u00e3o terminou com uma nota bem-disposta sobre a febre que anda a conquistar os mais novos \u2014 e n\u00e3o s\u00f3. <strong>\u00abA paix\u00e3o pela Rumi \u00e9 real\u00bb<\/strong>, confessou a atriz, referindo-se \u00e0 personagem que surge tamb\u00e9m a comer ramen numa das imagens. E, claro, n\u00e3o podia faltar a refer\u00eancia \u00e0 moda do momento: <strong>\u00abA febre do K-Pop tamb\u00e9m anda por a\u00ed, n\u00e9?\u00bb<\/strong><\/p>\n<p>Entre gargalhadas, cultura pop e ta\u00e7as de ramen, Sara Prata mostra mais uma vez o lado descontra\u00eddo e c\u00famplice da maternidade \u2014 feito de pequenas partilhas e grandes mem\u00f3rias.<\/p>\n<p>\u00a0<\/p>\n","protected":false},"excerpt":{"rendered":"Sara Prata encantou os seguidores ao partilhar uma s\u00e9rie de fotografias da filha num momento de descoberta cheio&hellip;\n","protected":false},"author":2,"featured_media":17647,"comment_status":"","ping_status":"","sticky":false,"template":"","format":"standard","meta":{"footnotes":""},"categories":[142],"tags":[160,166,114,115,157,167,164,7338,7726,161,158,165,159,32,33,156,27079,6610,163,151,162],"class_list":{"0":"post-115303","1":"post","2":"type-post","3":"status-publish","4":"format-standard","5":"has-post-thumbnail","7":"category-tv","8":"tag-ana-guiomar","9":"tag-cristina-ferreira","10":"tag-entertainment","11":"tag-entretenimento","12":"tag-festa-e-festa","13":"tag-ficcao","14":"tag-jose-fidalgo","15":"tag-kpop","16":"tag-kpop-demon-hunters","17":"tag-novelas","18":"tag-para-sempre","19":"tag-pedro-sousa","20":"tag-pedro-teixeira","21":"tag-portugal","22":"tag-pt","23":"tag-queridos-papas","24":"tag-ramen","25":"tag-sara-prata","26":"tag-tiago-teotonio-pereira","27":"tag-tv","28":"tag-tvi"},"share_on_mastodon":{"url":"","error":""},"_links":{"self":[{"href":"https:\/\/www.europesays.com\/pt\/wp-json\/wp\/v2\/posts\/115303","targetHints":{"allow":["GET"]}}],"collection":[{"href":"https:\/\/www.europesays.com\/pt\/wp-json\/wp\/v2\/posts"}],"about":[{"href":"https:\/\/www.europesays.com\/pt\/wp-json\/wp\/v2\/types\/post"}],"author":[{"embeddable":true,"href":"https:\/\/www.europesays.com\/pt\/wp-json\/wp\/v2\/users\/2"}],"replies":[{"embeddable":true,"href":"https:\/\/www.europesays.com\/pt\/wp-json\/wp\/v2\/comments?post=115303"}],"version-history":[{"count":0,"href":"https:\/\/www.europesays.com\/pt\/wp-json\/wp\/v2\/posts\/115303\/revisions"}],"wp:featuredmedia":[{"embeddable":true,"href":"https:\/\/www.europesays.com\/pt\/wp-json\/wp\/v2\/media\/17647"}],"wp:attachment":[{"href":"https:\/\/www.europesays.com\/pt\/wp-json\/wp\/v2\/media?parent=115303"}],"wp:term":[{"taxonomy":"category","embeddable":true,"href":"https:\/\/www.europesays.com\/pt\/wp-json\/wp\/v2\/categories?post=115303"},{"taxonomy":"post_tag","embeddable":true,"href":"https:\/\/www.europesays.com\/pt\/wp-json\/wp\/v2\/tags?post=115303"}],"curies":[{"name":"wp","href":"https:\/\/api.w.org\/{rel}","templated":true}]}}