{"id":115315,"date":"2025-10-18T00:06:14","date_gmt":"2025-10-18T00:06:14","guid":{"rendered":"https:\/\/www.europesays.com\/pt\/115315\/"},"modified":"2025-10-18T00:06:14","modified_gmt":"2025-10-18T00:06:14","slug":"magerrima-bella-campos-renova-o-bronzeado-com-look-cavado-na-praia","status":"publish","type":"post","link":"https:\/\/www.europesays.com\/pt\/115315\/","title":{"rendered":"Mag\u00e9rrima, Bella Campos renova o bronzeado com look cavado na praia"},"content":{"rendered":"<p>A atriz <a href=\"https:\/\/caras.com.br\/tags\/bella-campos\" rel=\"nofollow noopener\" target=\"_blank\"><strong>Bella Campos<\/strong><\/a> aproveitou a manh\u00e3 de sol no Rio de Janeiro nesta sexta-feira, 17, para renovar o bronzeado. A estrela foi fotografada pelos paparazzi enquanto estava na Praia de S\u00e3o Conrado, ao lado de uma amiga.<\/p>\n<p>Mag\u00e9rrima, a artista ostentou suas curvas impec\u00e1veis ao usar biqu\u00edni preto cavado e esbanjou simpatia ao perceber que estava sendo fotografada.<\/p>\n<p>Nesta sexta-feira, 17, ela e o Brasil v\u00e3o acompanhar a exibi\u00e7\u00e3o do <a href=\"https:\/\/caras.com.br\/novelas\/ultimo-capitulo-de-vale-tudo-saiba-o-que-acontece-no-fim-do-remake.phtml\" rel=\"nofollow noopener\" target=\"_blank\">\u00faltimo cap\u00edtulo da novela Vale Tudo, da Globo<\/a>. Na hist\u00f3ria, ela interpretou a vil\u00e3 Maria de F\u00e1tima, que fez de tudo para subir na vida, mas se deu mal ap\u00f3s a morte de Odete Roitman (Debora Bloch) e teve que trabalhar como atendente de padaria para n\u00e3o ficar na rua. No desfecho da novela, ela dar a volta por cima ao conhecer um rica\u00e7o.<\/p>\n<p> <img loading=\"lazy\" decoding=\"async\" class=\"wp-image-1019349 size-full img-fluid lazy\" alt=\"Bella Campos renova o bronzeado na praia - Foto: Dilson Silva \/ AgNews\" width=\"1365\" height=\"2048\" src=\"https:\/\/www.europesays.com\/pt\/wp-content\/uploads\/2025\/10\/Bella-Campos-45.jpg\"  \/>Bella Campos renova o bronzeado na praia \u2013 Foto: Dilson Silva \/ AgNews <img loading=\"lazy\" decoding=\"async\" class=\"wp-image-1019347 size-full img-fluid lazy\" alt=\"Bella Campos renova o bronzeado na praia - Foto: Dilson Silva \/ AgNews\" width=\"1365\" height=\"2048\" src=\"https:\/\/www.europesays.com\/pt\/wp-content\/uploads\/2025\/10\/Bella-Campos-39.jpg\"  \/>Bella Campos renova o bronzeado na praia \u2013 Foto: Dilson Silva \/ AgNews <img loading=\"lazy\" decoding=\"async\" class=\"wp-image-1019348 size-full img-fluid lazy\" alt=\"Bella Campos renova o bronzeado na praia - Foto: Dilson Silva \/ AgNews\" width=\"1366\" height=\"2048\" src=\"https:\/\/www.europesays.com\/pt\/wp-content\/uploads\/2025\/10\/Bella-Campos-44.jpg\"  \/>Bella Campos renova o bronzeado na praia \u2013 Foto: Dilson Silva \/ AgNews <img loading=\"lazy\" decoding=\"async\" class=\"wp-image-1019346 size-full img-fluid lazy\" alt=\"Bella Campos renova o bronzeado na praia - Foto: Dilson Silva \/ AgNews\" width=\"1366\" height=\"2048\" src=\"https:\/\/www.europesays.com\/pt\/wp-content\/uploads\/2025\/10\/Bella-Campos-34.jpg\"  \/>Bella Campos renova o bronzeado na praia \u2013 Foto: Dilson Silva \/ AgNews <img loading=\"lazy\" decoding=\"async\" class=\"wp-image-1019345 size-full img-fluid lazy\" alt=\"Bella Campos renova o bronzeado na praia - Foto: Dilson Silva \/ AgNews\" width=\"1366\" height=\"2048\" src=\"https:\/\/www.europesays.com\/pt\/wp-content\/uploads\/2025\/10\/Bella-Campos-29.jpg\"  \/>Bella Campos renova o bronzeado na praia \u2013 Foto: Dilson Silva \/ AgNews <img loading=\"lazy\" decoding=\"async\" class=\"wp-image-1019343 size-full img-fluid lazy\" alt=\"Bella Campos renova o bronzeado na praia - Foto: Dilson Silva \/ AgNews\" width=\"1366\" height=\"2048\" src=\"https:\/\/www.europesays.com\/pt\/wp-content\/uploads\/2025\/10\/Bella-Campos-20.jpg\"  \/>Bella Campos renova o bronzeado na praia \u2013 Foto: Dilson Silva \/ AgNews <img loading=\"lazy\" decoding=\"async\" class=\"wp-image-1019342 size-full img-fluid lazy\" alt=\"Bella Campos renova o bronzeado na praia - Foto: Dilson Silva \/ AgNews\" width=\"1367\" height=\"2048\" src=\"https:\/\/www.europesays.com\/pt\/wp-content\/uploads\/2025\/10\/Bella-Campos-16-1.jpg\"  \/>Bella Campos renova o bronzeado na praia \u2013 Foto: Dilson Silva \/ AgNews <img loading=\"lazy\" decoding=\"async\" class=\"wp-image-1019341 size-full img-fluid lazy\" alt=\"Bella Campos renova o bronzeado na praia - Foto: Dilson Silva \/ AgNews\" width=\"1366\" height=\"2048\" src=\"https:\/\/www.europesays.com\/pt\/wp-content\/uploads\/2025\/10\/Bella-Campos-11.jpg\"  \/>Bella Campos renova o bronzeado na praia \u2013 Foto: Dilson Silva \/ AgNews <img loading=\"lazy\" decoding=\"async\" class=\"wp-image-1019340 size-full img-fluid lazy\" alt=\"Bella Campos renova o bronzeado na praia - Foto: Dilson Silva \/ AgNews\" width=\"1366\" height=\"2048\" src=\"https:\/\/www.europesays.com\/pt\/wp-content\/uploads\/2025\/10\/Bella-Campos-11-1.jpg\"  \/>Bella Campos renova o bronzeado na praia \u2013 Foto: Dilson Silva \/ AgNews A carreira de Bella Campos <\/p>\n<p>A trajet\u00f3ria de Bella Campos \u00e9 uma prova de que o talento, aliado \u00e0 persist\u00eancia, \u00e9 a f\u00f3rmula do sucesso na teledramaturgia brasileira. Com uma ascens\u00e3o que a levou de Cuiab\u00e1 a se tornar o rosto mais comentado do remake de \u201cVale Tudo\u201d na TV Globo, a atriz, de 27 anos, \u00e9 hoje uma das grandes estrelas de sua gera\u00e7\u00e3o, colecionando personagens marcantes e pr\u00eamios importantes.<\/p>\n<p>Poucos sabem, mas antes de brilhar nas telas, Bella Campos teve uma fase de vida bem diferente. Aos 15 anos, ela se mudou para Florian\u00f3polis com a m\u00e3e e a irm\u00e3. A capital catarinense foi o palco do seu \u00faltimo trabalho antes da carreira art\u00edstica: uma cafeteria. A atriz chegou a relatar que trabalhava por um sal\u00e1rio de menos de R$ 1 mil.<\/p>\n<p>Foi nesse per\u00edodo que, incentivada por uma gerente do local, ela come\u00e7ou a ouvir com mais aten\u00e7\u00e3o os elogios sobre sua beleza e o convite para trabalhar na \u00e1rea art\u00edstica, que surgiam frequentemente devido ao movimento de pe\u00e7as de teatro e eventos na regi\u00e3o.<\/p>\n<p>Essa guinada a levou a se mudar para o Rio de Janeiro em 2020 e a passar no teste para uma temporada de \u201cMalha\u00e7\u00e3o\u201d que foi adiada devido \u00e0 pandemia. O destino, por\u00e9m, lhe reservava pap\u00e9is de destaque imediato.<\/p>\n<p><strong>Leia tamb\u00e9m<\/strong>: <a href=\"https:\/\/caras.com.br\/casa-dos-famosos\/veja-como-e-a-cozinha-simples-do-apartamento-de-bella-campos.phtml\" rel=\"nofollow noopener\" target=\"_blank\">Veja como \u00e9 a cozinha simples do apartamento de Bella Campos<\/a><\/p>\n<p>        <a href=\"https:\/\/caras.com.br\/autor\/priscilla-comoti\" rel=\"nofollow noopener\" target=\"_blank\">&#13;<br \/>\n          <img alt=\"Priscilla Comoti\" src=\"https:\/\/www.europesays.com\/pt\/wp-content\/uploads\/2025\/10\/1760745974_419_e53883bdf02c542f6517b68879e8cb08b27a1d55c4dfd53577e47d3ab6331a06\"  class=\"avatar avatar-115 photo rounded-circle mr-3\" height=\"115\" width=\"115\" loading=\"lazy\" decoding=\"async\"\/>        <\/a><\/p>\n<p>Priscilla Comoti \u00e9 editora de conte\u00fado do site CARAS. Ela \u00e9 formada em jornalismo e em audiovisual, j\u00e1 passou pelos sites Contigo!, Minha Novela, TiTiTi, Mais Novela e Portal M\u00e1rcia Piovesan. Escreve sobre celebridades, not\u00edcias sobre a fam\u00edlia real brit\u00e2nica, TV, reality show e novelas.<\/p>\n","protected":false},"excerpt":{"rendered":"A atriz Bella Campos aproveitou a manh\u00e3 de sol no Rio de Janeiro nesta sexta-feira, 17, para renovar&hellip;\n","protected":false},"author":2,"featured_media":115316,"comment_status":"","ping_status":"","sticky":false,"template":"","format":"standard","meta":{"footnotes":""},"categories":[145],"tags":[2813,211,210,114,115,32,80,33],"class_list":{"0":"post-115315","1":"post","2":"type-post","3":"status-publish","4":"format-standard","5":"has-post-thumbnail","7":"category-celebridades","8":"tag-bella-campos","9":"tag-celebridades","10":"tag-celebrities","11":"tag-entertainment","12":"tag-entretenimento","13":"tag-portugal","14":"tag-praia","15":"tag-pt"},"share_on_mastodon":{"url":"","error":""},"_links":{"self":[{"href":"https:\/\/www.europesays.com\/pt\/wp-json\/wp\/v2\/posts\/115315","targetHints":{"allow":["GET"]}}],"collection":[{"href":"https:\/\/www.europesays.com\/pt\/wp-json\/wp\/v2\/posts"}],"about":[{"href":"https:\/\/www.europesays.com\/pt\/wp-json\/wp\/v2\/types\/post"}],"author":[{"embeddable":true,"href":"https:\/\/www.europesays.com\/pt\/wp-json\/wp\/v2\/users\/2"}],"replies":[{"embeddable":true,"href":"https:\/\/www.europesays.com\/pt\/wp-json\/wp\/v2\/comments?post=115315"}],"version-history":[{"count":0,"href":"https:\/\/www.europesays.com\/pt\/wp-json\/wp\/v2\/posts\/115315\/revisions"}],"wp:featuredmedia":[{"embeddable":true,"href":"https:\/\/www.europesays.com\/pt\/wp-json\/wp\/v2\/media\/115316"}],"wp:attachment":[{"href":"https:\/\/www.europesays.com\/pt\/wp-json\/wp\/v2\/media?parent=115315"}],"wp:term":[{"taxonomy":"category","embeddable":true,"href":"https:\/\/www.europesays.com\/pt\/wp-json\/wp\/v2\/categories?post=115315"},{"taxonomy":"post_tag","embeddable":true,"href":"https:\/\/www.europesays.com\/pt\/wp-json\/wp\/v2\/tags?post=115315"}],"curies":[{"name":"wp","href":"https:\/\/api.w.org\/{rel}","templated":true}]}}