{"id":115317,"date":"2025-10-18T00:08:34","date_gmt":"2025-10-18T00:08:34","guid":{"rendered":"https:\/\/www.europesays.com\/pt\/115317\/"},"modified":"2025-10-18T00:08:34","modified_gmt":"2025-10-18T00:08:34","slug":"cesmac-na-bienal-do-livro-vice-reitor-douglas-apratto-sera-homenageado","status":"publish","type":"post","link":"https:\/\/www.europesays.com\/pt\/115317\/","title":{"rendered":"Cesmac na Bienal do Livro: vice-reitor Douglas Apratto ser\u00e1 homenageado"},"content":{"rendered":"<p style=\"text-align: justify;\">O vice-reitor do Cesmac, Douglas Apratto Ten\u00f3rio, ser\u00e1 um dos destaques da Bienal do Livro de Alagoas, que acontece a partir do dia 31 de outubro, no Centro Cultural e de Exposi\u00e7\u00f5es Ruth Cardoso, em Macei\u00f3.<\/p>\n<p>Reconhecido pelo vasto trabalho de pesquisa e produ\u00e7\u00e3o intelectual voltado \u00e0 Hist\u00f3ria de Alagoas, Douglas Apratto ser\u00e1 homenageado pela Universidade Estadual de Alagoas (UNEAL), institui\u00e7\u00e3o da qual ser\u00e1 tamb\u00e9m o destaque do estande durante o evento.<\/p>\n<p>O professor participar\u00e1 da Bienal autografando exemplares de v\u00e1rias obras reeditadas, que estavam h\u00e1 anos esgotadas e agora voltam a circular, atendendo a uma antiga demanda de leitores, pesquisadores e da comunidade acad\u00eamica. Entre os t\u00edtulos est\u00e3o:<\/p>\n<p>* Capitalismo e Ferrovias em Alagoas<br \/>* A imprensa alagona no ocaso do imp\u00e9rio (1878 &#8211; 1889)<br \/>* A hist\u00f3ria do pa\u00eds dos alagoanos<br \/>* A trag\u00e9dia do populismo<br \/>* A presen\u00e7a Holandesa &#8211; A hist\u00f3ria da Guerra do a\u00e7\u00facar vista por Alagoas<br \/>* Ma\u00e7ai\u00f3-k, Ma\u00e7ay\u00f3, Macei\u00f3<\/p>\n<p>Essas obras, que abordam com profundidade a forma\u00e7\u00e3o pol\u00edtica, econ\u00f4mica e social de Alagoas, s\u00e3o amplamente reconhecidas por sua contribui\u00e7\u00e3o \u00e0 compreens\u00e3o cr\u00edtica da hist\u00f3ria do estado e por influenciarem novas gera\u00e7\u00f5es de estudiosos e historiadores.<\/p>\n<p>A presen\u00e7a de Douglas Apratto na Bienal reafirma o comprometimento do Cesmac com a valoriza\u00e7\u00e3o da cultura, da pesquisa e da produ\u00e7\u00e3o intelectual alagoana, refor\u00e7ando o papel da institui\u00e7\u00e3o como um espa\u00e7o de fomento ao conhecimento e \u00e0 mem\u00f3ria hist\u00f3rica de Alagoas.<\/p>\n<p>Ascom Cesmac<\/p>\n","protected":false},"excerpt":{"rendered":"O vice-reitor do Cesmac, Douglas Apratto Ten\u00f3rio, ser\u00e1 um dos destaques da Bienal do Livro de Alagoas, que&hellip;\n","protected":false},"author":2,"featured_media":115318,"comment_status":"","ping_status":"","sticky":false,"template":"","format":"standard","meta":{"footnotes":""},"categories":[143],"tags":[169,726,17556,17558,315,17557,114,115,2089,170,62,13,835,1086,52,32,33,1456],"class_list":{"0":"post-115317","1":"post","2":"type-post","3":"status-publish","4":"format-standard","5":"has-post-thumbnail","7":"category-livros","8":"tag-books","9":"tag-brasil","10":"tag-correio-dos-municipios","11":"tag-cotidiano","12":"tag-cultura","13":"tag-economia-e-negocios","14":"tag-entertainment","15":"tag-entretenimento","16":"tag-esporte","17":"tag-livros","18":"tag-mundo","19":"tag-noticias","20":"tag-opiniao","21":"tag-policia","22":"tag-politica","23":"tag-portugal","24":"tag-pt","25":"tag-turismo"},"share_on_mastodon":{"url":"","error":""},"_links":{"self":[{"href":"https:\/\/www.europesays.com\/pt\/wp-json\/wp\/v2\/posts\/115317","targetHints":{"allow":["GET"]}}],"collection":[{"href":"https:\/\/www.europesays.com\/pt\/wp-json\/wp\/v2\/posts"}],"about":[{"href":"https:\/\/www.europesays.com\/pt\/wp-json\/wp\/v2\/types\/post"}],"author":[{"embeddable":true,"href":"https:\/\/www.europesays.com\/pt\/wp-json\/wp\/v2\/users\/2"}],"replies":[{"embeddable":true,"href":"https:\/\/www.europesays.com\/pt\/wp-json\/wp\/v2\/comments?post=115317"}],"version-history":[{"count":0,"href":"https:\/\/www.europesays.com\/pt\/wp-json\/wp\/v2\/posts\/115317\/revisions"}],"wp:featuredmedia":[{"embeddable":true,"href":"https:\/\/www.europesays.com\/pt\/wp-json\/wp\/v2\/media\/115318"}],"wp:attachment":[{"href":"https:\/\/www.europesays.com\/pt\/wp-json\/wp\/v2\/media?parent=115317"}],"wp:term":[{"taxonomy":"category","embeddable":true,"href":"https:\/\/www.europesays.com\/pt\/wp-json\/wp\/v2\/categories?post=115317"},{"taxonomy":"post_tag","embeddable":true,"href":"https:\/\/www.europesays.com\/pt\/wp-json\/wp\/v2\/tags?post=115317"}],"curies":[{"name":"wp","href":"https:\/\/api.w.org\/{rel}","templated":true}]}}