{"id":115321,"date":"2025-10-18T00:10:11","date_gmt":"2025-10-18T00:10:11","guid":{"rendered":"https:\/\/www.europesays.com\/pt\/115321\/"},"modified":"2025-10-18T00:10:11","modified_gmt":"2025-10-18T00:10:11","slug":"mama-awards-revela-apresentacao-de-boynextdoor-e-mais","status":"publish","type":"post","link":"https:\/\/www.europesays.com\/pt\/115321\/","title":{"rendered":"MAMA Awards revela apresenta\u00e7\u00e3o de BOYNEXTDOOR e mais"},"content":{"rendered":"<p>O <a href=\"https:\/\/www.mnetplus.world\/en\/2025mamaawards\/\" rel=\"nofollow noopener\" target=\"_blank\">MAMA Awards 2025<\/a> j\u00e1 revelou a lista de indicados oficiais da premia\u00e7\u00e3o deste ano e aproveitou para divulgar nesta sexta-feira (17) quem ir\u00e1 performar no palco da premia\u00e7\u00e3o em novembro. Entre os nomes j\u00e1 confirmados est\u00e1 BOYNEXTDOOR e CORTIS.<\/p>\n<p>Durante os dois dias de premia\u00e7\u00e3o, que acontece em 28 e 29 de novembro, 17 astros do K-pop j\u00e1 foram revelados como os performers da maior premia\u00e7\u00e3o do g\u00eanero. No primeiro dia, IVE, ENHYPIVE, BABYMONSTER, BOYNEXTDOOR, Super Junior, MEOVV, TWS, Hearts2Hearts, ALPHA DRIVE ONE e BUMSUP foram confirmados. J\u00e1 no segundo dia, os nomes s\u00e3o Stray Kids , RIIZE , ZEROBASEONE , ALLDAY PROJECT, CORTIS, izna e KickFlip.<\/p>\n<p> <strong>MAMA Awards 2025: HUNTR\/X e mais<\/strong> <\/p>\n<p>Os indicados foram revelados nesta quinta-feira (16) e trouxeram algumas surpresas. Entre eles, as HUNTR\/X e os Saja Boys, de \u201cGuerreiras do K-Pop\u201d, est\u00e3o indicados em duas categorias: Melhor Trilha Sonora (Best OST) e M\u00fasica do Ano (Song Of The Year), com \u201cGolden\u201d e \u201cSoda Pop\u201d, os respectivos hits de cada banda. <strong>Ros\u00e9<\/strong>, <strong>Jisoo<\/strong>, <strong>Jennie<\/strong>, SEVENTEEN, LE SSERAFIM e mais nomes renomados aparecem entre os indicados <a href=\"https:\/\/recreio.com.br\/noticias\/entretenimento\/guerreiras-do-k-pop-no-mama-awards-2025-veja-todos-os-indicados-a-renomada-premiacao.phtml\" rel=\"nofollow noopener\" target=\"_blank\">que voc\u00ea pode conferir aqui<\/a>. A premia\u00e7\u00e3o acontece no final de novembro e tem um funcionamento diferente para decidir os ganhadores dos trof\u00e9us.<\/p>\n<p><a href=\"https:\/\/www.instagram.com\/mnet_mama\/?hl=pt\" rel=\"nofollow noopener\" target=\"_blank\">Os vencedores<\/a> s\u00e3o escolhidos da seguinte maneira: Artista do Ano e categorias de artistas s\u00e3o 40% de avalia\u00e7\u00e3o j\u00fari, 30% de streaming ou downloads \u2014 com 20% da Coreia e 10% mundial \u2014 e 30% de vendas f\u00edsicas de \u00e1lbuns. J\u00e1 Som do Ano, \u00c1lbum do Ano e categorias de g\u00eaneros musicais s\u00e3o 40% de j\u00fari e 60% de streaming. Em Melhor Videoclipe e Coreografia a vota\u00e7\u00e3o \u00e9 totalmente t\u00e9cnica.<\/p>\n<p>A categoria Fan\u2019s Choice \u00e9 baseado em 90% dos votos da <a href=\"https:\/\/en.wikipedia.org\/wiki\/MAMA_Awards\" rel=\"nofollow noopener\" target=\"_blank\">Mnet Plus<\/a> e 10% do X (antigo Twitter), al\u00e9m de 10% a mais na Mnet em tempo real, durante a premia\u00e7\u00e3o. A primeira rodada de votos de f\u00e3s come\u00e7a em 26 de outubro. Os 20 pr\u00e9-selecionados passam para a segunda rodada, que come\u00e7a em 30 de novembro.<\/p>\n<p>\t                                            <script async src=\"\/\/www.instagram.com\/embed.js\"><\/script><\/p>\n","protected":false},"excerpt":{"rendered":"O MAMA Awards 2025 j\u00e1 revelou a lista de indicados oficiais da premia\u00e7\u00e3o deste ano e aproveitou para&hellip;\n","protected":false},"author":2,"featured_media":115322,"comment_status":"","ping_status":"","sticky":false,"template":"","format":"standard","meta":{"footnotes":""},"categories":[141],"tags":[27080,114,115,27081,27082,149,150,32,33],"class_list":{"0":"post-115321","1":"post","2":"type-post","3":"status-publish","4":"format-standard","5":"has-post-thumbnail","7":"category-musica","8":"tag-boynextdoor","9":"tag-entertainment","10":"tag-entretenimento","11":"tag-mama-awards","12":"tag-mama-awards-2025","13":"tag-music","14":"tag-musica","15":"tag-portugal","16":"tag-pt"},"share_on_mastodon":{"url":"","error":""},"_links":{"self":[{"href":"https:\/\/www.europesays.com\/pt\/wp-json\/wp\/v2\/posts\/115321","targetHints":{"allow":["GET"]}}],"collection":[{"href":"https:\/\/www.europesays.com\/pt\/wp-json\/wp\/v2\/posts"}],"about":[{"href":"https:\/\/www.europesays.com\/pt\/wp-json\/wp\/v2\/types\/post"}],"author":[{"embeddable":true,"href":"https:\/\/www.europesays.com\/pt\/wp-json\/wp\/v2\/users\/2"}],"replies":[{"embeddable":true,"href":"https:\/\/www.europesays.com\/pt\/wp-json\/wp\/v2\/comments?post=115321"}],"version-history":[{"count":0,"href":"https:\/\/www.europesays.com\/pt\/wp-json\/wp\/v2\/posts\/115321\/revisions"}],"wp:featuredmedia":[{"embeddable":true,"href":"https:\/\/www.europesays.com\/pt\/wp-json\/wp\/v2\/media\/115322"}],"wp:attachment":[{"href":"https:\/\/www.europesays.com\/pt\/wp-json\/wp\/v2\/media?parent=115321"}],"wp:term":[{"taxonomy":"category","embeddable":true,"href":"https:\/\/www.europesays.com\/pt\/wp-json\/wp\/v2\/categories?post=115321"},{"taxonomy":"post_tag","embeddable":true,"href":"https:\/\/www.europesays.com\/pt\/wp-json\/wp\/v2\/tags?post=115321"}],"curies":[{"name":"wp","href":"https:\/\/api.w.org\/{rel}","templated":true}]}}