{"id":115327,"date":"2025-10-18T00:13:21","date_gmt":"2025-10-18T00:13:21","guid":{"rendered":"https:\/\/www.europesays.com\/pt\/115327\/"},"modified":"2025-10-18T00:13:21","modified_gmt":"2025-10-18T00:13:21","slug":"saude-aracaju-realiza-campanha-de-vacinacao-antirrabica-em-29-bairros-neste-sabado-18","status":"publish","type":"post","link":"https:\/\/www.europesays.com\/pt\/115327\/","title":{"rendered":"Sa\u00fade Aracaju realiza campanha de vacina\u00e7\u00e3o antirr\u00e1bica em 29 bairros neste s\u00e1bado, 18"},"content":{"rendered":"<p>Garantir a sa\u00fade dos animais e proteger toda a comunidade: esse \u00e9 o objetivo da ampla campanha de vacina\u00e7\u00e3o antirr\u00e1bica promovida pela Secretaria Municipal da Sa\u00fade (SMS) de Aracaju, por meio da Unidade de Vigil\u00e2ncia de Zoonoses (UVZ). A mobiliza\u00e7\u00e3o, iniciada no dia 6 de outubro, segue at\u00e9 1\u00ba de novembro, com diferentes formatos de atendimento com pontos fixos e drive-thru para facilitar o acesso dos tutores.\u00a0<\/p>\n<p>Neste s\u00e1bado, 18, as equipes da SMS estar\u00e3o em 29 pontos distribu\u00eddos por diversos bairros, como Coroa do Meio, In\u00e1cio Barbosa, Jabotiana, Grageru, Luzia, Ponto Novo, Am\u00e9rica e Siqueira Campos, al\u00e9m dos conjuntos Costa e Silva, Leite Neto, M\u00e9dice, Jess\u00e9 Pinto Freire e Castelo Branco. A vacina\u00e7\u00e3o tamb\u00e9m ser\u00e1 realizada durante o projeto \u2018Tamo Junto Aracaju\u2019, que acontece das 8h \u00e0s 13h no Centro Social Urbano Professor Gon\u00e7alo Rollemberg Leite (CSU), no bairro Jos\u00e9 Conrado de Ara\u00fajo.<\/p>\n<p>At\u00e9 o momento, mais de 17 mil animais j\u00e1 foram vacinados em 2025. Somente na primeira etapa da campanha atual, foram 949 doses aplicadas no drive-thru e 9.689 nos pontos fixos, n\u00fameros que demonstram a ades\u00e3o da popula\u00e7\u00e3o e o compromisso dos tutores com a sa\u00fade dos seus animais.<\/p>\n<p>A coordenadora da Vigil\u00e2ncia Ambiental da SMS, Michele Cruz, ressalta que a vacina\u00e7\u00e3o \u00e9 um gesto de cuidado com o pet e responsabilidade c\u00edvica. Segundo ela, a a\u00e7\u00e3o garante n\u00e3o apenas a prote\u00e7\u00e3o dos pets, mas tamb\u00e9m a seguran\u00e7a das fam\u00edlias e de toda a comunidade.\u00a0<\/p>\n<p>\u201cA raiva \u00e9 uma doen\u00e7a que n\u00e3o tem cura, mas \u00e9 totalmente evit\u00e1vel. Por isso, refor\u00e7amos que levem seus c\u00e3es e gatos, a partir dos tr\u00eas meses de idade, para receber a dose de prote\u00e7\u00e3o. \u00c9 simples, r\u00e1pido e salva vidas\u201d, destacou.<br \/><strong><br \/>Sobre a raiva<\/strong><\/p>\n<p>A raiva \u00e9 uma zoonose viral grave, com taxa de letalidade pr\u00f3xima a 100%. A doen\u00e7a pode ser transmitida pela saliva de animais infectados, por meio de mordidas, arranh\u00f5es ou lambidas, e n\u00e3o tem cura ap\u00f3s o in\u00edcio dos sintomas. A vacina\u00e7\u00e3o anual de c\u00e3es e gatos \u00e9 a \u00fanica forma eficaz de preven\u00e7\u00e3o, protegendo os animais e evitando a circula\u00e7\u00e3o do v\u00edrus no ambiente urbano.\u00a0<\/p>\n<p>\u00a0<br \/>\u00a0<\/p>\n","protected":false},"excerpt":{"rendered":"Garantir a sa\u00fade dos animais e proteger toda a comunidade: esse \u00e9 o objetivo da ampla campanha de&hellip;\n","protected":false},"author":2,"featured_media":115328,"comment_status":"","ping_status":"","sticky":false,"template":"","format":"standard","meta":{"footnotes":""},"categories":[86],"tags":[116,32,1416,33,117],"class_list":{"0":"post-115327","1":"post","2":"type-post","3":"status-publish","4":"format-standard","5":"has-post-thumbnail","7":"category-saude","8":"tag-health","9":"tag-portugal","10":"tag-prefeitura-noticias-sergipe-emilia-correa-prefeita-secom-aracaju-cidade-futuro-constroi-amor-trabalho-imagem-governo-eficiencia-secretaria-agenda-pre-caju-institucional-municipio","11":"tag-pt","12":"tag-saude"},"share_on_mastodon":{"url":"","error":""},"_links":{"self":[{"href":"https:\/\/www.europesays.com\/pt\/wp-json\/wp\/v2\/posts\/115327","targetHints":{"allow":["GET"]}}],"collection":[{"href":"https:\/\/www.europesays.com\/pt\/wp-json\/wp\/v2\/posts"}],"about":[{"href":"https:\/\/www.europesays.com\/pt\/wp-json\/wp\/v2\/types\/post"}],"author":[{"embeddable":true,"href":"https:\/\/www.europesays.com\/pt\/wp-json\/wp\/v2\/users\/2"}],"replies":[{"embeddable":true,"href":"https:\/\/www.europesays.com\/pt\/wp-json\/wp\/v2\/comments?post=115327"}],"version-history":[{"count":0,"href":"https:\/\/www.europesays.com\/pt\/wp-json\/wp\/v2\/posts\/115327\/revisions"}],"wp:featuredmedia":[{"embeddable":true,"href":"https:\/\/www.europesays.com\/pt\/wp-json\/wp\/v2\/media\/115328"}],"wp:attachment":[{"href":"https:\/\/www.europesays.com\/pt\/wp-json\/wp\/v2\/media?parent=115327"}],"wp:term":[{"taxonomy":"category","embeddable":true,"href":"https:\/\/www.europesays.com\/pt\/wp-json\/wp\/v2\/categories?post=115327"},{"taxonomy":"post_tag","embeddable":true,"href":"https:\/\/www.europesays.com\/pt\/wp-json\/wp\/v2\/tags?post=115327"}],"curies":[{"name":"wp","href":"https:\/\/api.w.org\/{rel}","templated":true}]}}