{"id":115410,"date":"2025-10-18T01:38:17","date_gmt":"2025-10-18T01:38:17","guid":{"rendered":"https:\/\/www.europesays.com\/pt\/115410\/"},"modified":"2025-10-18T01:38:17","modified_gmt":"2025-10-18T01:38:17","slug":"cientistas-alemaes-implantam-dispositivo-que-permite-paciente-tetraplegico-controlar-celular-e-braco-robotico-com-o-pensamento-entenda","status":"publish","type":"post","link":"https:\/\/www.europesays.com\/pt\/115410\/","title":{"rendered":"Cientistas alem\u00e3es implantam dispositivo que permite paciente tetrapl\u00e9gico controlar celular e bra\u00e7o rob\u00f3tico com o pensamento; entenda"},"content":{"rendered":"\n<p class=\" content-text__container theme-color-primary-first-letter\" data-track-category=\"Link no Texto\" data-track-links=\"\"> Uma equipe de cientistas da Universidade T\u00e9cnica de Munique (TUM) realizou pela primeira vez na Europa uma cirurgia para implantar um dispositivo c\u00e9rebro-computador em um paciente tetrapl\u00e9gico, permitindo que ele controle um bra\u00e7o rob\u00f3tico e um celular apenas com o pensamento. O procedimento, considerado pioneiro, foi publicado pelo jornal portugu\u00eas SiC Not\u00edcias. <\/p>\n<ul class=\"content-unordered-list\">\n<li><strong>Fast food <\/strong><a class=\"\" href=\"https:\/\/oglobo.globo.com\/saude\/noticia\/2025\/10\/16\/fast-food-prejudica-a-memoria-em-apenas-quatro-dias-aponta-estudo.ghtml\" rel=\"nofollow noopener\" target=\"_blank\">prejudica a mem\u00f3ria em apenas quatro dias, aponta estudo<\/a><\/li>\n<li><strong>Uruguai aprova lei <\/strong><a class=\"\" href=\"https:\/\/oglobo.globo.com\/saude\/noticia\/2025\/10\/16\/uruguai-aprova-lei-que-legaliza-a-eutanasia-e-se-torna-pioneiro-na-america-latina.ghtml\" rel=\"nofollow noopener\" target=\"_blank\">que legaliza a eutan\u00e1sia e se torna pioneiro na Am\u00e9rica Latina<\/a><\/li>\n<\/ul>\n<p class=\" content-text__container \" data-track-category=\"Link no Texto\" data-track-links=\"\"> A opera\u00e7\u00e3o, conduzida no Hospital Universit\u00e1rio TUM, durou mais de cinco horas e marcou um avan\u00e7o in\u00e9dito no continente. O dispositivo implantado cont\u00e9m 256 microeletrodos, respons\u00e1veis por captar sinais da regi\u00e3o do c\u00e9rebro ligada \u00e0 planejamento e execu\u00e7\u00e3o de movimentos, como agarrar, segurar e manipular objetos. <\/p>\n<p class=\" content-text__container \" data-track-category=\"Link no Texto\" data-track-links=\"\"> \u2014 O objetivo \u00e9 desenvolver sistemas que reconhe\u00e7am a inten\u00e7\u00e3o humana, em vez de esperar que os pacientes aprendam a operar m\u00e1quinas complexas \u2014 explicou Melissa Zavaglia, l\u00edder da equipe cir\u00fargica e pesquisadora do hospital universit\u00e1rio. <\/p>\n<p class=\" content-text__container \" data-track-category=\"Link no Texto\" data-track-links=\"\"> O professor Simon Jacob, especialista em neurotecnologia translacional da TUM, destacou que essa \u00e9 a primeira vez na Europa que uma interface c\u00e9rebro-computador \u00e9 implantada em uma pessoa tetrapl\u00e9gica. <\/p>\n<p class=\" content-text__container \" data-track-category=\"Link no Texto\" data-track-links=\"\"> O paciente, Michael Mehringer, de 25 anos, ficou paralisado do pesco\u00e7o para baixo ap\u00f3s um grave acidente de moto aos 16 anos. Ele passou 14 meses hospitalizado, incluindo um per\u00edodo em coma, e desde ent\u00e3o depende de assist\u00eancia constante. <\/p>\n<p class=\" content-text__container \" data-track-category=\"Link no Texto\" data-track-links=\"\"> \u2014 Espero poder voltar a comer e beber de forma independente, precisando de menos ajuda na vida di\u00e1ria \u2014 afirmou Mehringer. <\/p>\n<p class=\" content-text__container \" data-track-category=\"Link no Texto\" data-track-links=\"\"> Ap\u00f3s a cirurgia, ele participa de sess\u00f5es semanais no laborat\u00f3rio, onde o implante \u00e9 conectado a um computador para registrar a atividade neural. Os cientistas utilizam esses sinais para treinar algoritmos de intelig\u00eancia artificial, que aprendem a interpretar os padr\u00f5es cerebrais e associ\u00e1-los aos movimentos desejados. <\/p>\n<p class=\" content-text__container \" data-track-category=\"Link no Texto\" data-track-links=\"\"> Nos testes iniciais, Mehringer movimenta um mouse e pressiona bot\u00f5es virtuais para ensinar o sistema a reconhecer seus comandos mentais. O objetivo \u00e9 que, com o tempo, ele consiga controlar o bra\u00e7o rob\u00f3tico e dispositivos eletr\u00f4nicos apenas com o pensamento. <\/p>\n<p class=\" content-text__container \" data-track-category=\"Link no Texto\" data-track-links=\"\"> Segundo os pesquisadores, a tecnologia representa um passo importante rumo \u00e0 restaura\u00e7\u00e3o da autonomia e da qualidade de vida de pessoas com paralisia severa. <\/p>\n<p class=\" content-text__container \" data-track-category=\"Link no Texto\" data-track-links=\"\"> \u2014 Esta pesquisa poder\u00e1 ajudar a devolver a independ\u00eancia a muitos pacientes tetrapl\u00e9gicos \u2014 afirmou Zavaglia. <\/p>\n","protected":false},"excerpt":{"rendered":"Uma equipe de cientistas da Universidade T\u00e9cnica de Munique (TUM) realizou pela primeira vez na Europa uma cirurgia&hellip;\n","protected":false},"author":2,"featured_media":13210,"comment_status":"","ping_status":"","sticky":false,"template":"","format":"standard","meta":{"footnotes":""},"categories":[50],"tags":[27,28,15,16,319,14,25,26,21,22,62,12,13,19,20,23,24,318,17,18,29,30,31,63,64,65],"class_list":{"0":"post-115410","1":"post","2":"type-post","3":"status-publish","4":"format-standard","5":"has-post-thumbnail","7":"category-mundo","8":"tag-breaking-news","9":"tag-breakingnews","10":"tag-featured-news","11":"tag-featurednews","12":"tag-hard-news","13":"tag-headlines","14":"tag-latest-news","15":"tag-latestnews","16":"tag-main-news","17":"tag-mainnews","18":"tag-mundo","19":"tag-news","20":"tag-noticias","21":"tag-noticias-principais","22":"tag-noticiasprincipais","23":"tag-principais-noticias","24":"tag-principaisnoticias","25":"tag-radar","26":"tag-top-stories","27":"tag-topstories","28":"tag-ultimas","29":"tag-ultimas-noticias","30":"tag-ultimasnoticias","31":"tag-world","32":"tag-world-news","33":"tag-worldnews"},"share_on_mastodon":{"url":"","error":""},"_links":{"self":[{"href":"https:\/\/www.europesays.com\/pt\/wp-json\/wp\/v2\/posts\/115410","targetHints":{"allow":["GET"]}}],"collection":[{"href":"https:\/\/www.europesays.com\/pt\/wp-json\/wp\/v2\/posts"}],"about":[{"href":"https:\/\/www.europesays.com\/pt\/wp-json\/wp\/v2\/types\/post"}],"author":[{"embeddable":true,"href":"https:\/\/www.europesays.com\/pt\/wp-json\/wp\/v2\/users\/2"}],"replies":[{"embeddable":true,"href":"https:\/\/www.europesays.com\/pt\/wp-json\/wp\/v2\/comments?post=115410"}],"version-history":[{"count":0,"href":"https:\/\/www.europesays.com\/pt\/wp-json\/wp\/v2\/posts\/115410\/revisions"}],"wp:featuredmedia":[{"embeddable":true,"href":"https:\/\/www.europesays.com\/pt\/wp-json\/wp\/v2\/media\/13210"}],"wp:attachment":[{"href":"https:\/\/www.europesays.com\/pt\/wp-json\/wp\/v2\/media?parent=115410"}],"wp:term":[{"taxonomy":"category","embeddable":true,"href":"https:\/\/www.europesays.com\/pt\/wp-json\/wp\/v2\/categories?post=115410"},{"taxonomy":"post_tag","embeddable":true,"href":"https:\/\/www.europesays.com\/pt\/wp-json\/wp\/v2\/tags?post=115410"}],"curies":[{"name":"wp","href":"https:\/\/api.w.org\/{rel}","templated":true}]}}