{"id":115413,"date":"2025-10-18T01:44:11","date_gmt":"2025-10-18T01:44:11","guid":{"rendered":"https:\/\/www.europesays.com\/pt\/115413\/"},"modified":"2025-10-18T01:44:11","modified_gmt":"2025-10-18T01:44:11","slug":"casa-dos-segredos-revelado-o-baixissimo-valor-que-os-ex-concorrentes-recebem-para-estar-na-gala","status":"publish","type":"post","link":"https:\/\/www.europesays.com\/pt\/115413\/","title":{"rendered":"Casa dos Segredos &#8211; Revelado o (baix\u00edssimo) valor que os ex-concorrentes recebem para estar na Gala"},"content":{"rendered":"<p><strong>F\u00e1bio Daniel\u00a0<\/strong>\u00e9, provavelmente, um nome que dir\u00e1 pouco aos seguidores da <a href=\"https:\/\/www.novagente.pt\/casa-dos-segredos-uau-suposta-saida-de-leandro-deixou-rosto-da-tvi-em-lagrimas\" target=\"_blank\" rel=\"nofollow noopener\"><strong>Casa dos Segredos<\/strong><\/a>. O ex-concorrente teve uma passagem rel\u00e2mpago pela Casa e decidiu desistir somente dois dias ap\u00f3s ter entrado.<\/p>\n<p>Nas redes sociais,\u00a0acabou por se pronunciar sobre um aspeto que muitos desconheciam: o valor que a Endemol paga aos ex-concorrentes para estarem presentes nas galas.<\/p>\n<p>&#8220;No in\u00edcio n\u00e3o davam nada. Agora oferecem 25\u20ac para ir a Lisboa do Porto, assistir \u00e0 gala e depois voltar ao porto. E \u00e9 isso&#8221;, come\u00e7ou por escrever.<\/p>\n<p>&#8220;Mais vale ficares\u00a0em casa&#8221;<\/p>\n<p>&#8220;Portanto at\u00e9 ter\u00edamos que fazer Lisboa Porto por volta das 2h da manh\u00e3. Log\u00edstica f\u00e1cil, neh?\u00a0N\u00e3o estamos l\u00e1 n\u00e3o \u00e9 por m\u00e1 vontade&#8221;, acrescentou.<\/p>\n<p>Perante o valor, muitos mostraram-se surpreendidos com o alor t\u00e3o baixo. &#8220;S\u00f3 d\u00e3o 25\u20ac?! Realmente mais vale ficares em casa a ver, n\u00f3s vemos-te por aqui&#8221;.<\/p>\n<p>F\u00e1bio acabou por responder e revelou que este \u00e9 o motivo pelo qual nao ir\u00e1 estar em todas as galas &#8220;Pronto. Eu andava a evitar falar do assunto. Mas depois parece que nos \u00e9 que somos ingratos e n\u00e3o queremos estar.\u00a0Por isso decidi partilhar a verdade. Ainda assim\u2026 vamos tentar aparecer em algumas. N\u00e3o ser\u00e3o todas, claro&#8221;.<\/p>\n<p>Texto: Tom\u00e1s Casc\u00e3o; Fotos: Redes sociais<\/p>\n<p class=\"intagram-text\">Siga a Nova Gente no Instagram<\/p>\n<p>                        <a href=\"https:\/\/www.instagram.com\/revistanovagente\/\" target=\"_blank\" aria-label=\"instagram\" rel=\"noopener nofollow\"><img decoding=\"async\" style=\"display: block; margin-left: auto; margin-right: auto; width: 250px; height: 83px;\" src=\"https:\/\/www.europesays.com\/pt\/wp-content\/uploads\/2025\/10\/Instagram_NG.png\" alt=\"instagram\"\/><\/a><br \/>\n                    <script async src=\"\/\/www.instagram.com\/embed.js\"><\/script><\/p>\n","protected":false},"excerpt":{"rendered":"F\u00e1bio Daniel\u00a0\u00e9, provavelmente, um nome que dir\u00e1 pouco aos seguidores da Casa dos Segredos. O ex-concorrente teve uma&hellip;\n","protected":false},"author":2,"featured_media":115414,"comment_status":"","ping_status":"","sticky":false,"template":"","format":"standard","meta":{"footnotes":""},"categories":[142],"tags":[2632,114,115,32,33,151],"class_list":{"0":"post-115413","1":"post","2":"type-post","3":"status-publish","4":"format-standard","5":"has-post-thumbnail","7":"category-tv","8":"tag-casa-dos-segredos","9":"tag-entertainment","10":"tag-entretenimento","11":"tag-portugal","12":"tag-pt","13":"tag-tv"},"share_on_mastodon":{"url":"","error":""},"_links":{"self":[{"href":"https:\/\/www.europesays.com\/pt\/wp-json\/wp\/v2\/posts\/115413","targetHints":{"allow":["GET"]}}],"collection":[{"href":"https:\/\/www.europesays.com\/pt\/wp-json\/wp\/v2\/posts"}],"about":[{"href":"https:\/\/www.europesays.com\/pt\/wp-json\/wp\/v2\/types\/post"}],"author":[{"embeddable":true,"href":"https:\/\/www.europesays.com\/pt\/wp-json\/wp\/v2\/users\/2"}],"replies":[{"embeddable":true,"href":"https:\/\/www.europesays.com\/pt\/wp-json\/wp\/v2\/comments?post=115413"}],"version-history":[{"count":0,"href":"https:\/\/www.europesays.com\/pt\/wp-json\/wp\/v2\/posts\/115413\/revisions"}],"wp:featuredmedia":[{"embeddable":true,"href":"https:\/\/www.europesays.com\/pt\/wp-json\/wp\/v2\/media\/115414"}],"wp:attachment":[{"href":"https:\/\/www.europesays.com\/pt\/wp-json\/wp\/v2\/media?parent=115413"}],"wp:term":[{"taxonomy":"category","embeddable":true,"href":"https:\/\/www.europesays.com\/pt\/wp-json\/wp\/v2\/categories?post=115413"},{"taxonomy":"post_tag","embeddable":true,"href":"https:\/\/www.europesays.com\/pt\/wp-json\/wp\/v2\/tags?post=115413"}],"curies":[{"name":"wp","href":"https:\/\/api.w.org\/{rel}","templated":true}]}}