{"id":115415,"date":"2025-10-18T01:45:21","date_gmt":"2025-10-18T01:45:21","guid":{"rendered":"https:\/\/www.europesays.com\/pt\/115415\/"},"modified":"2025-10-18T01:45:21","modified_gmt":"2025-10-18T01:45:21","slug":"demi-lovato-divulga-tracklist-do-album-its-not-that-deep","status":"publish","type":"post","link":"https:\/\/www.europesays.com\/pt\/115415\/","title":{"rendered":"Demi Lovato divulga tracklist do \u00e1lbum &#8220;It&#8217;s Not That Deep&#8221;"},"content":{"rendered":"<p>A uma semana do<a href=\"https:\/\/portalpopline.com.br\/demi-lovato-anuncia-titulo-data-de-lancamento-album-novo-carta-aberta\/\" target=\"_blank\" rel=\"noopener nofollow\"> lan\u00e7amento do \u00e1lbum<strong> \u201cIt\u2019s Not That Deep\u201d<\/strong><\/a>, <strong>Demi Lovato<\/strong> liberou a tracklist completa nas plataformas digitais. O disco conta com 11 faixas, incluindo os singles j\u00e1 lan\u00e7ados \u201cFast\u201d, \u201cHere All Night\u201d e \u201cKiss\u201d. O lan\u00e7amento est\u00e1 marcado para 24 de outubro.<\/p>\n<p><img loading=\"lazy\" decoding=\"async\" aria-describedby=\"caption-attachment-997511\" class=\"size-full wp-image-997511\" src=\"https:\/\/www.europesays.com\/pt\/wp-content\/uploads\/2025\/10\/demi-lovato-capa-album-novo.jpg\" alt=\"Demi Lovato divulga tracklist do \u00e1lbum &quot;It's Not That Deep&quot;\" width=\"1080\" height=\"1069\"  \/><\/p>\n<p id=\"caption-attachment-997511\" class=\"wp-caption-text\">(Foto: Divulga\u00e7\u00e3o)<\/p>\n<p>Nenhuma das m\u00fasicas da tracklist \u00e9 apresentada com participa\u00e7\u00f5es especiais. Todas s\u00e3o creditadas apenas aos vocais de <strong>Demi.<\/strong> Confira:<\/p>\n<p>01) \u201cFast\u201d<br \/>02) \u201cHere All Night\u201d<br \/>03) \u201cFrequency\u201d<br \/>04) \u201cLet You Go\u201d<br \/>05) \u201cSorry To Myself\u201d<br \/>06) \u201cLittle Bit\u201d<br \/>07) \u201cSay It\u201d<br \/>08) \u201cIn My Head\u201d<br \/>09) \u201cKiss\u201d<br \/>10) \u201cBefore I Knew You\u201d<br \/>11) \u201cGhost\u201d<\/p>\n<p>Leia mais:<\/p>\n<p>O \u00e1lbum \u00e9 resultado da <a href=\"https:\/\/portalpopline.com.br\/10-musicas-zhone-colaborador-album-novo-demi-lovato\/\" target=\"_blank\" rel=\"noopener nofollow\">colabora\u00e7\u00e3o de <strong>Demi Lovato<\/strong> com o produtor <strong>Zhone<\/strong>,<\/a> parceiro de nomes como <strong>Kylie Minogue, Kesha<\/strong> e <strong>Alok.<\/strong> Ele tamb\u00e9m produziu um remix do<strong> \u201cBrat\u201d<\/strong> da <strong>Charli XCX<\/strong> \u2013 \u00e1lbum com o qual o trabalho de <strong>Demi<\/strong> tem sido comparado por f\u00e3s.<\/p>\n<p><strong>Demi<\/strong> est\u00e1 de volta ao pop, <a href=\"https:\/\/portalpopline.com.br\/rock-nao-funcionou-para-mim-demi-lovato\/\" target=\"_blank\" rel=\"noopener nofollow\">ap\u00f3s dois discos de rock, o <strong>\u201cHOLY FVCK\u201d<\/strong> (2022) e o<strong> \u201cREVAMPED\u201d<\/strong> (2023)<\/a>. \u201cComo uma artista que est\u00e1 no ramo h\u00e1 tanto tempo, voc\u00ea tem momentos em que olha para tr\u00e1s e pensa: \u2018ok, o que funcionou para mim?\u2019. E eu penso: \u2018o rock n\u00e3o funcionou para mim\u2019. E t\u00e1 tudo bem. Foi um projeto de paix\u00e3o, e voltei um pouco para minhas ra\u00edzes, sabe? Cresci ouvindo rock na minha fase emo, ent\u00e3o fiz isso como um projeto de paix\u00e3o\u201d, ela disse ao podcast <a href=\"https:\/\/www.youtube.com\/watch?v=QOpiunYeN7Q&amp;pp=ygUTZGVtaSBsb3ZhdG8gcG9kY2FzdNIHCQmtCQGHKiGM7w%3D%3D\" target=\"_blank\" rel=\"noopener nofollow\"><strong>\u201cChicks in the Office\u201d<\/strong><\/a>.<\/p>\n<p><img loading=\"lazy\" decoding=\"async\" aria-describedby=\"caption-attachment-997401\" class=\"size-full wp-image-997401\" src=\"https:\/\/www.europesays.com\/pt\/wp-content\/uploads\/2025\/10\/demi-lovato-clipe-here-all-night.jpg\" alt=\"Demi Lovato divulga tracklist do \u00e1lbum &quot;It's Not That Deep&quot;\" width=\"1838\" height=\"1228\"  \/><\/p>\n<p id=\"caption-attachment-997401\" class=\"wp-caption-text\">(Foto: Divulga\u00e7\u00e3o)<\/p>\n<p>Demi Lovato faz performance de \u201cHere All Night\u201d<\/p>\n<p>A cantora<strong>\u00a0Demi Lovato<\/strong>\u00a0fez a primeira performance de<a href=\"https:\/\/portalpopline.com.br\/demi-lovato-festa-here-all-night-descubra-famosas-convidadas\/\" target=\"_blank\" rel=\"noopener nofollow\">\u00a0\u201cHere All Night\u201d, single do \u00e1lbum\u00a0<strong>\u201cIt\u2019s Not That Deep\u201d<\/strong><\/a>. A apresenta\u00e7\u00e3o ocorreu dentro da inaugura\u00e7\u00e3o do projeto <strong>\u201cLive From Roku City\u201d<\/strong>, onde ela cantou tamb\u00e9m um cover de\u00a0\u201cI Wanna Dance With Somebody\u201d, da<strong>\u00a0Whitney Houston<\/strong>.<\/p>\n<blockquote class=\"twitter-tweet\" data-media-max-width=\"560\">\n<p dir=\"ltr\" lang=\"zxx\"><a href=\"https:\/\/t.co\/Mr2Fej4Deh\" rel=\"nofollow\">pic.twitter.com\/Mr2Fej4Deh<\/a><\/p>\n<p>\u2014 DLBR Media (@dlbrmedia) <a href=\"https:\/\/twitter.com\/dlbrmedia\/status\/1978141690247438582?ref_src=twsrc%5Etfw\" rel=\"nofollow noopener\" target=\"_blank\">October 14, 2025<\/a><\/p>\n<\/blockquote>\n<p><script async src=\"https:\/\/platform.twitter.com\/widgets.js\" charset=\"utf-8\"><\/script><\/p>\n","protected":false},"excerpt":{"rendered":"A uma semana do lan\u00e7amento do \u00e1lbum \u201cIt\u2019s Not That Deep\u201d, Demi Lovato liberou a tracklist completa nas&hellip;\n","protected":false},"author":2,"featured_media":115416,"comment_status":"","ping_status":"","sticky":false,"template":"","format":"standard","meta":{"footnotes":""},"categories":[141],"tags":[1721,8710,269,661,114,115,19300,149,150,274,2448,571,32,33,27108],"class_list":{"0":"post-115415","1":"post","2":"type-post","3":"status-publish","4":"format-standard","5":"has-post-thumbnail","7":"category-musica","8":"tag-album","9":"tag-album-novo","10":"tag-capa","11":"tag-demi-lovato","12":"tag-entertainment","13":"tag-entretenimento","14":"tag-its-not-that-deep","15":"tag-music","16":"tag-musica","17":"tag-musica-pop","18":"tag-musicas","19":"tag-plantao","20":"tag-portugal","21":"tag-pt","22":"tag-tracklist"},"share_on_mastodon":{"url":"","error":""},"_links":{"self":[{"href":"https:\/\/www.europesays.com\/pt\/wp-json\/wp\/v2\/posts\/115415","targetHints":{"allow":["GET"]}}],"collection":[{"href":"https:\/\/www.europesays.com\/pt\/wp-json\/wp\/v2\/posts"}],"about":[{"href":"https:\/\/www.europesays.com\/pt\/wp-json\/wp\/v2\/types\/post"}],"author":[{"embeddable":true,"href":"https:\/\/www.europesays.com\/pt\/wp-json\/wp\/v2\/users\/2"}],"replies":[{"embeddable":true,"href":"https:\/\/www.europesays.com\/pt\/wp-json\/wp\/v2\/comments?post=115415"}],"version-history":[{"count":0,"href":"https:\/\/www.europesays.com\/pt\/wp-json\/wp\/v2\/posts\/115415\/revisions"}],"wp:featuredmedia":[{"embeddable":true,"href":"https:\/\/www.europesays.com\/pt\/wp-json\/wp\/v2\/media\/115416"}],"wp:attachment":[{"href":"https:\/\/www.europesays.com\/pt\/wp-json\/wp\/v2\/media?parent=115415"}],"wp:term":[{"taxonomy":"category","embeddable":true,"href":"https:\/\/www.europesays.com\/pt\/wp-json\/wp\/v2\/categories?post=115415"},{"taxonomy":"post_tag","embeddable":true,"href":"https:\/\/www.europesays.com\/pt\/wp-json\/wp\/v2\/tags?post=115415"}],"curies":[{"name":"wp","href":"https:\/\/api.w.org\/{rel}","templated":true}]}}