{"id":115423,"date":"2025-10-18T01:52:06","date_gmt":"2025-10-18T01:52:06","guid":{"rendered":"https:\/\/www.europesays.com\/pt\/115423\/"},"modified":"2025-10-18T01:52:06","modified_gmt":"2025-10-18T01:52:06","slug":"guarda-nacional-de-aviso-no-estado-do-texas-em-preparacao-para-protestos-contra-trump","status":"publish","type":"post","link":"https:\/\/www.europesays.com\/pt\/115423\/","title":{"rendered":"Guarda Nacional de aviso no Estado do Texas em prepara\u00e7\u00e3o para protestos contra Trump"},"content":{"rendered":"<p><b>Acompanhe toda a atualidade informativa em\u00a0<\/b><a href=\"http:\/\/24noticias.sapo.pt\" rel=\"nofollow noopener\" target=\"_blank\"><b>24noticias.sapo.pt<\/b><\/a><\/p>\n<p>&#8220;A viol\u00eancia e a destrui\u00e7\u00e3o n\u00e3o ser\u00e3o toleradas no Texas&#8221;, afirmou o governador num comunicado divulgado na quinta-feira, mas s\u00f3 hoje citado pelas ag\u00eancias internacionais, garantindo que as autoridades v\u00e3o &#8220;impedir atos de vandalismo&#8221; e prender qualquer pessoa que se envolva em atos de &#8220;viol\u00eancia ou danos materiais&#8221;.<\/p>\n<p>Previstos para s\u00e1bado, os protestos surgem de uma coliga\u00e7\u00e3o de organiza\u00e7\u00f5es, incluindo grupos de direitos humanos e sindicatos, que apelaram a um dia nacional de protesto em mais de 2.000 locais em todo o pa\u00eds, incluindo na capital federal, Washington.<\/p>\n<p>Esta \u00e9 a segunda vaga de manifesta\u00e7\u00f5es sob o lema &#8220;No Kings&#8221; [&#8220;Sem Reis&#8221;, em portugu\u00eas], a primeira teve lugar em junho e foi geralmente pac\u00edfica no Texas e noutras partes do pa\u00eds.<\/p>\n<p>Nessa altura, Abbott tamb\u00e9m convocou a Guarda Nacional.<\/p>\n<p>O governador do Texas tamb\u00e9m se juntou a outros l\u00edderes republicanos para garantir, sem provas, que a jornada de protestos tem liga\u00e7\u00f5es ao movimento Antifa, de ideologia antifascista, que foi classificado como uma &#8220;organiza\u00e7\u00e3o terrorista&#8221; pela administra\u00e7\u00e3o Trump.<\/p>\n<p>Na quinta-feira, o senador republicano Ted Cruz, tamb\u00e9m texano, pediu ao Governo federal que investigue o financiamento dos grupos que convocaram as manifesta\u00e7\u00f5es.<\/p>\n<p>Em setembro, Trump assinou um decreto presidencial que designa a Antifa como uma &#8220;organiza\u00e7\u00e3o terrorista&#8221;, mas n\u00e3o \u00e9 claro como \u00e9 que esta decis\u00e3o pode ser aplicada, uma vez que n\u00e3o existe nenhuma lei de terrorismo dom\u00e9stico nos Estados Unidos que permita que um grupo seja designado como tal.<\/p>\n<p>A ordem presidencial descreve o movimento Antifa como uma organiza\u00e7\u00e3o &#8220;militarista e anarquista&#8221; que procura derrubar o Governo, as for\u00e7as de seguran\u00e7a e o sistema jur\u00eddico do pa\u00eds atrav\u00e9s de meios il\u00edcitos, incluindo viol\u00eancia e terrorismo.<\/p>\n<p>Hoje, pelo menos 11 pessoas foram detidas pela pol\u00edcia estadual do Illinois no sub\u00farbio de Broadview, perto de Chicago, num novo protesto em frente ao centro de processamento do Servi\u00e7o de Imigra\u00e7\u00e3o e Alf\u00e2ndegas dos EUA (ICE).<\/p>\n","protected":false},"excerpt":{"rendered":"Acompanhe toda a atualidade informativa em\u00a024noticias.sapo.pt &#8220;A viol\u00eancia e a destrui\u00e7\u00e3o n\u00e3o ser\u00e3o toleradas no Texas&#8221;, afirmou o&hellip;\n","protected":false},"author":2,"featured_media":115424,"comment_status":"","ping_status":"","sticky":false,"template":"","format":"standard","meta":{"footnotes":""},"categories":[50],"tags":[27,28,15,16,14,25,26,21,22,62,12,13,19,20,23,24,17,18,29,30,31,63,64,65],"class_list":{"0":"post-115423","1":"post","2":"type-post","3":"status-publish","4":"format-standard","5":"has-post-thumbnail","7":"category-mundo","8":"tag-breaking-news","9":"tag-breakingnews","10":"tag-featured-news","11":"tag-featurednews","12":"tag-headlines","13":"tag-latest-news","14":"tag-latestnews","15":"tag-main-news","16":"tag-mainnews","17":"tag-mundo","18":"tag-news","19":"tag-noticias","20":"tag-noticias-principais","21":"tag-noticiasprincipais","22":"tag-principais-noticias","23":"tag-principaisnoticias","24":"tag-top-stories","25":"tag-topstories","26":"tag-ultimas","27":"tag-ultimas-noticias","28":"tag-ultimasnoticias","29":"tag-world","30":"tag-world-news","31":"tag-worldnews"},"share_on_mastodon":{"url":"","error":""},"_links":{"self":[{"href":"https:\/\/www.europesays.com\/pt\/wp-json\/wp\/v2\/posts\/115423","targetHints":{"allow":["GET"]}}],"collection":[{"href":"https:\/\/www.europesays.com\/pt\/wp-json\/wp\/v2\/posts"}],"about":[{"href":"https:\/\/www.europesays.com\/pt\/wp-json\/wp\/v2\/types\/post"}],"author":[{"embeddable":true,"href":"https:\/\/www.europesays.com\/pt\/wp-json\/wp\/v2\/users\/2"}],"replies":[{"embeddable":true,"href":"https:\/\/www.europesays.com\/pt\/wp-json\/wp\/v2\/comments?post=115423"}],"version-history":[{"count":0,"href":"https:\/\/www.europesays.com\/pt\/wp-json\/wp\/v2\/posts\/115423\/revisions"}],"wp:featuredmedia":[{"embeddable":true,"href":"https:\/\/www.europesays.com\/pt\/wp-json\/wp\/v2\/media\/115424"}],"wp:attachment":[{"href":"https:\/\/www.europesays.com\/pt\/wp-json\/wp\/v2\/media?parent=115423"}],"wp:term":[{"taxonomy":"category","embeddable":true,"href":"https:\/\/www.europesays.com\/pt\/wp-json\/wp\/v2\/categories?post=115423"},{"taxonomy":"post_tag","embeddable":true,"href":"https:\/\/www.europesays.com\/pt\/wp-json\/wp\/v2\/tags?post=115423"}],"curies":[{"name":"wp","href":"https:\/\/api.w.org\/{rel}","templated":true}]}}