{"id":115433,"date":"2025-10-18T02:03:12","date_gmt":"2025-10-18T02:03:12","guid":{"rendered":"https:\/\/www.europesays.com\/pt\/115433\/"},"modified":"2025-10-18T02:03:12","modified_gmt":"2025-10-18T02:03:12","slug":"a-primeira-impressao-e-muito-importante-mas-manter-o-nivel-e-ainda-mais-importante","status":"publish","type":"post","link":"https:\/\/www.europesays.com\/pt\/115433\/","title":{"rendered":"\u00abA primeira impress\u00e3o \u00e9 muito importante, mas manter o n\u00edvel \u00e9 ainda mais importante\u00bb"},"content":{"rendered":"<p>&#8211; Advertisement &#8211;<\/p>\n<p><strong>Ruben Amorim fez a antevis\u00e3o do Liverpool x Manchester United. Red devils venceram o \u00faltimo jogo antes da paragem das sele\u00e7\u00f5es.<\/strong><\/p>\n<p>Ruben Amorim fez a antevis\u00e3o do maior cl\u00e1ssico do futebol ingl\u00eas. O treinador portugu\u00eas lan\u00e7ou o Liverpool x Manchester United e agradeceu o apoio que sente da dire\u00e7\u00e3o do clube. <\/p>\n<p>\u00abApoio? Sim, ele diz-me isso constantemente, \u00e0s vezes com uma mensagem. O mais importante \u00e9 o pr\u00f3ximo jogo. \u00c9 muito bom ouvir o apoio, tamb\u00e9m por causa do barulho\u00bb, agradeceu Ruben Amorim, que deu tamb\u00e9m um ponto de situa\u00e7\u00e3o quanto aos lesionados do Manchester United. <\/p>\n<p>\u00abO Lisandro Mart\u00ednez est\u00e1 quase a regressar aos treinos com a equipa. O Mazraoui, n\u00e3o sei. O resto dos rapazes, das sele\u00e7\u00f5es nacionais, est\u00e3o prontos, mas se viu os jogos, alguns jogadores jogaram no Jap\u00e3o [Casemiro, Matehus Cunha], por isso \u00e9 preciso ter cuidado, dar mais tempo\u00bb, explicou o treinador. <\/p>\n<p>Ruben Amorim foi ainda questionado quanto ao impacto de Senne Lammens no Manchester United e deixou grandes elogios ao guarda-redes.<\/p>\n<p>\u00abA primeira impress\u00e3o \u00e9 muito importante, mas manter o n\u00edvel \u00e9 ainda mais importante, o que \u00e9 realmente dif\u00edcil. Ele ainda n\u00e3o \u00e9 o Schmeichel. \u00c9 um jovem com talento. Mostrou muita compostura e os adeptos gostaram, mas precisamos de provar isso no pr\u00f3ximo jogo\u00bb, salientou o t\u00e9cnico. <\/p>\n<p>O Liverpool x Manchester United joga-se este domingo, dia 19 de outubro, a partir das 16h30. Os red devils procuram dar sequ\u00eancia \u00e0 vit\u00f3ria antes da pausa de sele\u00e7\u00f5es. L\u00ea tamb\u00e9m as <a href=\"https:\/\/bolanarede.pt\/especial-bola-na-rede\/atualidade\/luke-shaw-antes-do-liverpool-x-manchester-united-e-um-jogo-que-estamos-ansiosos-por-disputar\/\" target=\"_blank\" rel=\"noreferrer noopener nofollow\">declara\u00e7\u00f5es de Lukw Shaw antes do jogo<\/a>. <\/p>\n","protected":false},"excerpt":{"rendered":"&#8211; Advertisement &#8211; Ruben Amorim fez a antevis\u00e3o do Liverpool x Manchester United. Red devils venceram o \u00faltimo&hellip;\n","protected":false},"author":2,"featured_media":68438,"comment_status":"","ping_status":"","sticky":false,"template":"","format":"standard","meta":{"footnotes":""},"categories":[87],"tags":[260,135,960,663,32,666,33,1052,134],"class_list":{"0":"post-115433","1":"post","2":"type-post","3":"status-publish","4":"format-standard","5":"has-post-thumbnail","7":"category-desporto","8":"tag-atualidade","9":"tag-desporto","10":"tag-liverpool","11":"tag-manchester-united","12":"tag-portugal","13":"tag-premier-league","14":"tag-pt","15":"tag-ruben-amorim","16":"tag-sports"},"share_on_mastodon":{"url":"","error":""},"_links":{"self":[{"href":"https:\/\/www.europesays.com\/pt\/wp-json\/wp\/v2\/posts\/115433","targetHints":{"allow":["GET"]}}],"collection":[{"href":"https:\/\/www.europesays.com\/pt\/wp-json\/wp\/v2\/posts"}],"about":[{"href":"https:\/\/www.europesays.com\/pt\/wp-json\/wp\/v2\/types\/post"}],"author":[{"embeddable":true,"href":"https:\/\/www.europesays.com\/pt\/wp-json\/wp\/v2\/users\/2"}],"replies":[{"embeddable":true,"href":"https:\/\/www.europesays.com\/pt\/wp-json\/wp\/v2\/comments?post=115433"}],"version-history":[{"count":0,"href":"https:\/\/www.europesays.com\/pt\/wp-json\/wp\/v2\/posts\/115433\/revisions"}],"wp:featuredmedia":[{"embeddable":true,"href":"https:\/\/www.europesays.com\/pt\/wp-json\/wp\/v2\/media\/68438"}],"wp:attachment":[{"href":"https:\/\/www.europesays.com\/pt\/wp-json\/wp\/v2\/media?parent=115433"}],"wp:term":[{"taxonomy":"category","embeddable":true,"href":"https:\/\/www.europesays.com\/pt\/wp-json\/wp\/v2\/categories?post=115433"},{"taxonomy":"post_tag","embeddable":true,"href":"https:\/\/www.europesays.com\/pt\/wp-json\/wp\/v2\/tags?post=115433"}],"curies":[{"name":"wp","href":"https:\/\/api.w.org\/{rel}","templated":true}]}}