{"id":115435,"date":"2025-10-18T02:08:18","date_gmt":"2025-10-18T02:08:18","guid":{"rendered":"https:\/\/www.europesays.com\/pt\/115435\/"},"modified":"2025-10-18T02:08:18","modified_gmt":"2025-10-18T02:08:18","slug":"trump-ameaca-enviar-misseis-tomahawk-para-a-ucrania-mas-antes-fala-com-putin-ao-telefone-amanha-reune-se-com-zelensky-sapo","status":"publish","type":"post","link":"https:\/\/www.europesays.com\/pt\/115435\/","title":{"rendered":"Trump amea\u00e7a enviar m\u00edsseis Tomahawk para a Ucr\u00e2nia, mas antes fala com Putin ao telefone. Amanh\u00e3, re\u00fane-se com Zelensky &#8211; SAPO"},"content":{"rendered":"<ol>\n<li><a href=\"https:\/\/news.google.com\/rss\/articles\/CBMi-AFBVV95cUxNS2ZIUGJQdUQySVRzVDY5cnE4aTU0bzZrbUZ0bGhxMjRTd2Rjb1VtTGRoZVg0a3FYeUVEMkNPUzh3Qi1MT2dHdkJmR2FTRm9LVS0tN01ESHRUMVJ4MlNaUUZiWExKZGZncEd5a21Vek1pWXdvNU9TM0RUOGlXV1FTRW1XYV9ZaFJ2Rl9zbS1zMHBMV2U1WTVIc1g1N0UtWHdqNmh6cWlYSTRENm1zZUNrTThNY1AyeU5zV3lOT1VYbHZ3a0NSWHRsSk13dTN4VnFQVWhKYUFzZTRTazdGa054NTBodF9fT1NWRmt5ZnBMU29BTE5MNEJaVA?oc=5\" target=\"_blank\" rel=\"nofollow noopener\">Trump amea\u00e7a enviar m\u00edsseis Tomahawk para a Ucr\u00e2nia, mas antes fala com Putin ao telefone. Amanh\u00e3, re\u00fane-se com Zelensky<\/a>&nbsp;&nbsp;SAPO<\/li>\n<li><a href=\"https:\/\/news.google.com\/rss\/articles\/CBMi1wFBVV95cUxOeXc5bV9tR3A5MmxEaFJlVklSd0wzUzFHZDFZVWI5bWVoSktYUHdjTGxFNF9xeW9LT2RvdEhNTU9QbFNjaW9SZTdrUERUNFRidENMOFdkZ2dBQWZQQzVEbHZ0bmpnU3dkbndIS0NsMkptMHRTZGRPQzIwcEU4ZG52dUZzSmpSTDlwM2gwTFRhX0tubllSQlhTSmt0dWZVWnROTWwwMEIwaVhIOXdqaVVnajVtX2lHTTg5NDI0Y3hSWExNMXpUZXhWNWJycUdwaDlhWi03WHpCb9IB5gFBVV95cUxPbjB2ZVlaLVZ0T2VpRlhCeG9sbDVPcENuQ0YyMXJGUm16XzlraFhvRExiUVVUZTNJenliZ0pCa3dySWtRN0NuMUpmdThjTVJjZGl3NDFCd2pCQmJGM2xWRkRFeWJJelZLU0wxREF3QkNJSnVqbkVFQmx0eVVnT1FOX1Nkby1OSTZaLXRxb0dWamNVLVdVZWNtNVlrbTBWTVV5eHZLV19GVW1EdVFvbkRid1NLeUxfUFhjZHo4VWFERWs1ejdvSG9lc0JVNzkyYnNuYm9OQ21VcGxoTmhTMFlGZkNYazE1UQ?oc=5\" target=\"_blank\" rel=\"nofollow noopener\">Encontro Putin e Trump deve ocorrer em 2 semanas, mas ainda h\u00e1 &#8216;muitas quest\u00f5es&#8217; a resolver, diz Kremlin<\/a>&nbsp;&nbsp;G1<\/li>\n<li><a href=\"https:\/\/news.google.com\/rss\/articles\/CBMinAJBVV95cUxNNG5FaHNCQmRTY2U4eEU5MUZnM1pzQTMtMG9Vck1ZXzNHREZZeGprWGZsc3dDclhjSktvVl9KVFYwRjhOVVNfM2tBYjNsMGwxbk1xemwyNWdqSUxVUS1RQnVHakFhMEU3M3ZpMnh4RExCeENfdnJ1Y0gxOHludXNTNjBYaHRvWlR1TWRvSlZibXU2cl9DQ3N6dXZ0SVpYU1RRcVNHOUNWbVIxSmF1VHQ2ZVZTMEZTRmp4VGRvZjJrOTBVd0xDTVpRaFlZLTlfZDNZVXpRNDRhV0M3NWxSbUlKSGNqUS13cUwxYjJVZVlqVkwwWHFOT0E2eUxKdmRKc3pVTlFkM0QzdDlYM1RMclpvb0RqUWU1UENzV2Y2Sw?oc=5\" target=\"_blank\" rel=\"nofollow noopener\">Budapeste \u00e9 mais uma tentativa de fazer com que Putin negocie seriamente com Ucr\u00e2nia, diz o ministro alem\u00e3o<\/a>&nbsp;&nbsp;Terra<\/li>\n<li><a href=\"https:\/\/news.google.com\/rss\/articles\/CBMipgFBVV95cUxQQmV2TEdFSnlwR3V5TXktX0M3N2Fia2taUlNMdG85bVJIdDF0d1N0U3FWS3dPc09EaEl3SFd5cUF0NTItT3Z6bGFqeUNybmtlcU1RcTBmYjNlUVIyMXRvSFFlMDFnQzBYVGxLc0NrSm8yQXBZTFVqc3ljYnRlRWFiT3NOUXBZR3pjZ1pkbU03MWk5QUJDeWtuN0pmUjdseE95ak5rUHF3?oc=5\" target=\"_blank\" rel=\"nofollow noopener\">Putin e Trump podem se encontrar em duas semanas, diz R\u00fassia<\/a>&nbsp;&nbsp;CNN Brasil<\/li>\n<li><a href=\"https:\/\/news.google.com\/rss\/articles\/CBMiqgFBVV95cUxOaVBpN1pqakJ6YnJLbGtrMG9aRTEtTUdwcENNR2xPVGZuVlM1OTJveWhINC1QUGNvaEdQSGUzNE92dERXaXdhQVozX1hPWWRvQWNGY1hKc1JMM0hETjhIb3I5emFhbmI5UXJ1VW40SkliVDFZMG55VjFhT3BLTmZrUXpDYWl4NENWWEkxZGZSLUNadjdxV1Bja0pvYnJKbENxLTdhUFJNQUktQQ?oc=5\" target=\"_blank\" rel=\"nofollow noopener\">Kremlin diz trabalhar na organiza\u00e7\u00e3o de uma nova c\u00fapula Putin-Trump<\/a>&nbsp;&nbsp;CartaCapital<\/li>\n<\/ol>\n","protected":false},"excerpt":{"rendered":"Trump amea\u00e7a enviar m\u00edsseis Tomahawk para a Ucr\u00e2nia, mas antes fala com Putin ao telefone. Amanh\u00e3, re\u00fane-se com&hellip;\n","protected":false},"author":2,"featured_media":113901,"comment_status":"","ping_status":"","sticky":false,"template":"","format":"standard","meta":{"footnotes":""},"categories":[50],"tags":[27,28,15,16,14,25,26,21,22,62,12,13,19,20,23,24,17,18,29,30,31,63,64,65],"class_list":{"0":"post-115435","1":"post","2":"type-post","3":"status-publish","4":"format-standard","5":"has-post-thumbnail","7":"category-mundo","8":"tag-breaking-news","9":"tag-breakingnews","10":"tag-featured-news","11":"tag-featurednews","12":"tag-headlines","13":"tag-latest-news","14":"tag-latestnews","15":"tag-main-news","16":"tag-mainnews","17":"tag-mundo","18":"tag-news","19":"tag-noticias","20":"tag-noticias-principais","21":"tag-noticiasprincipais","22":"tag-principais-noticias","23":"tag-principaisnoticias","24":"tag-top-stories","25":"tag-topstories","26":"tag-ultimas","27":"tag-ultimas-noticias","28":"tag-ultimasnoticias","29":"tag-world","30":"tag-world-news","31":"tag-worldnews"},"share_on_mastodon":{"url":"","error":""},"_links":{"self":[{"href":"https:\/\/www.europesays.com\/pt\/wp-json\/wp\/v2\/posts\/115435","targetHints":{"allow":["GET"]}}],"collection":[{"href":"https:\/\/www.europesays.com\/pt\/wp-json\/wp\/v2\/posts"}],"about":[{"href":"https:\/\/www.europesays.com\/pt\/wp-json\/wp\/v2\/types\/post"}],"author":[{"embeddable":true,"href":"https:\/\/www.europesays.com\/pt\/wp-json\/wp\/v2\/users\/2"}],"replies":[{"embeddable":true,"href":"https:\/\/www.europesays.com\/pt\/wp-json\/wp\/v2\/comments?post=115435"}],"version-history":[{"count":0,"href":"https:\/\/www.europesays.com\/pt\/wp-json\/wp\/v2\/posts\/115435\/revisions"}],"wp:featuredmedia":[{"embeddable":true,"href":"https:\/\/www.europesays.com\/pt\/wp-json\/wp\/v2\/media\/113901"}],"wp:attachment":[{"href":"https:\/\/www.europesays.com\/pt\/wp-json\/wp\/v2\/media?parent=115435"}],"wp:term":[{"taxonomy":"category","embeddable":true,"href":"https:\/\/www.europesays.com\/pt\/wp-json\/wp\/v2\/categories?post=115435"},{"taxonomy":"post_tag","embeddable":true,"href":"https:\/\/www.europesays.com\/pt\/wp-json\/wp\/v2\/tags?post=115435"}],"curies":[{"name":"wp","href":"https:\/\/api.w.org\/{rel}","templated":true}]}}