{"id":115438,"date":"2025-10-18T02:14:11","date_gmt":"2025-10-18T02:14:11","guid":{"rendered":"https:\/\/www.europesays.com\/pt\/115438\/"},"modified":"2025-10-18T02:14:11","modified_gmt":"2025-10-18T02:14:11","slug":"corte-e-costura-dylan-diz-que-liliana-lhe-da-asco-e-colegas-juntam-se-as-criticas-secret-story","status":"publish","type":"post","link":"https:\/\/www.europesays.com\/pt\/115438\/","title":{"rendered":"Corte e costura: Dylan diz que Liliana lhe d\u00e1 \u00abasco\u00bb e colegas juntam-se \u00e0s cr\u00edticas &#8211; Secret Story"},"content":{"rendered":"<p>No Secret Story 9, o ambiente voltou a aquecer no exterior da casa. Ao ouvir a voz de Leandro, Ana Cristina n\u00e3o escondeu a irrita\u00e7\u00e3o e afirmou que n\u00e3o tinha saudades do colega. Logo depois, o grupo voltou a centrar as aten\u00e7\u00f5es em Liliana, tornando-a alvo de mais uma ronda de cr\u00edticas. Dylan foi o mais duro nas palavras, dizendo que a concorrente lhe causa \u201casco\u201d, enquanto os restantes juntaram-se \u00e0s piadas e coment\u00e1rios, ridicularizando-a sem qualquer filtro.<\/p>\n<p><strong>J\u00e1 pode votar para salvar o seu concorrente favorito:<\/strong><\/p>\n<p><strong>ANA CRISTINA \u2013 761 20 20 02<br \/>BRUNA \u2013 761 20 20 03<br \/>DYLAN \u2013 761 20 20 07<br \/>JOANA \u2013 761 20 20 11<br \/>MARISA SUSANA \u2013 761 20 20 17<\/strong><\/p>\n<p><a href=\"https:\/\/tvi.iol.pt\/secretstory\/aominuto\" wbo-id=\"32\" rel=\"nofollow noopener\" target=\"_blank\">Acompanhe tudo ao minuto<\/a><\/p>\n<p>\u00a0<\/p>\n","protected":false},"excerpt":{"rendered":"No Secret Story 9, o ambiente voltou a aquecer no exterior da casa. Ao ouvir a voz de&hellip;\n","protected":false},"author":2,"featured_media":115439,"comment_status":"","ping_status":"","sticky":false,"template":"","format":"standard","meta":{"footnotes":""},"categories":[142],"tags":[114,115,19033,12397,19016,19034,32,33,151,19032],"class_list":{"0":"post-115438","1":"post","2":"type-post","3":"status-publish","4":"format-standard","5":"has-post-thumbnail","7":"category-tv","8":"tag-entertainment","9":"tag-entretenimento","10":"tag-galas-em-video","11":"tag-leandro","12":"tag-liliana","13":"tag-melhores-momentos-casa-dos-segredos","14":"tag-portugal","15":"tag-pt","16":"tag-tv","17":"tag-videos-secret-story-tvi"},"share_on_mastodon":{"url":"","error":""},"_links":{"self":[{"href":"https:\/\/www.europesays.com\/pt\/wp-json\/wp\/v2\/posts\/115438","targetHints":{"allow":["GET"]}}],"collection":[{"href":"https:\/\/www.europesays.com\/pt\/wp-json\/wp\/v2\/posts"}],"about":[{"href":"https:\/\/www.europesays.com\/pt\/wp-json\/wp\/v2\/types\/post"}],"author":[{"embeddable":true,"href":"https:\/\/www.europesays.com\/pt\/wp-json\/wp\/v2\/users\/2"}],"replies":[{"embeddable":true,"href":"https:\/\/www.europesays.com\/pt\/wp-json\/wp\/v2\/comments?post=115438"}],"version-history":[{"count":0,"href":"https:\/\/www.europesays.com\/pt\/wp-json\/wp\/v2\/posts\/115438\/revisions"}],"wp:featuredmedia":[{"embeddable":true,"href":"https:\/\/www.europesays.com\/pt\/wp-json\/wp\/v2\/media\/115439"}],"wp:attachment":[{"href":"https:\/\/www.europesays.com\/pt\/wp-json\/wp\/v2\/media?parent=115438"}],"wp:term":[{"taxonomy":"category","embeddable":true,"href":"https:\/\/www.europesays.com\/pt\/wp-json\/wp\/v2\/categories?post=115438"},{"taxonomy":"post_tag","embeddable":true,"href":"https:\/\/www.europesays.com\/pt\/wp-json\/wp\/v2\/tags?post=115438"}],"curies":[{"name":"wp","href":"https:\/\/api.w.org\/{rel}","templated":true}]}}