{"id":115440,"date":"2025-10-18T02:16:23","date_gmt":"2025-10-18T02:16:23","guid":{"rendered":"https:\/\/www.europesays.com\/pt\/115440\/"},"modified":"2025-10-18T02:16:23","modified_gmt":"2025-10-18T02:16:23","slug":"depois-da-cacada-mostra-como-cultura-woke-abalou-faculdades","status":"publish","type":"post","link":"https:\/\/www.europesays.com\/pt\/115440\/","title":{"rendered":"\u201cDepois da Ca\u00e7ada\u201d mostra como cultura woke abalou faculdades"},"content":{"rendered":"<p class=\"postParagraph_post-paragraph-innerHtml__Q5vwc\">Na Universidade Yale, uma professora titular (Julia Roberts) se v\u00ea envolvida em um esc\u00e2ndalo quando um de seus melhores alunos acusa outro professor de abuso sexual. Essa \u00e9 a premissa de Depois da Ca\u00e7ada, que entra em sua segunda semana de exibi\u00e7\u00e3o nos cinemas brasileiros.<\/p>\n<p class=\"postParagraph_post-paragraph-innerHtml__Q5vwc\">Depois do decepcionante e incrivelmente chato Queer (2024), o diretor italiano Luca Guadagnino aborda um tema pol\u00eamico envolto em cinema comercial e com forte \u00eanfase no cinema de autor. Embora os cr\u00e9ditos mencionem uma coprodu\u00e7\u00e3o, Depois da Ca\u00e7ada \u00e9 um filme rodado em ingl\u00eas, ambientado em uma das mais prestigiadas universidades americanas, com um elenco repleto de estrelas americanas (o que n\u00e3o \u00e9 novidade na filmografia de Guadagnino) e distribu\u00eddo pela Sony. Nesse sentido, assemelha-se mais ao excitante Rivais (2024) do que ao drama rom\u00e2ntico Um Sonho de Amor (2009).<\/p>\n<p class=\"postParagraph_post-paragraph-innerHtml__Q5vwc\">Tendo como base um roteiro da estreante Nora Garrett, o cineasta italiano disseca a toxicidade que envolve o cen\u00e1rio de algumas universidades \u2013 especificamente, algumas universidades de elite frequentada por progressistas nos Estados Unidos. O filme abre com este retrato de postura intelectual, autopercep\u00e7\u00e3o de superioridade moral, disputas de poder e batalhas de ego, e relacionamentos utilit\u00e1rios disfar\u00e7ados de empatia e liberalidade. E, em meio a essa arc\u00e1dia despreocupada, o movimento Me Too irrompe, juntamente com acusa\u00e7\u00f5es de pl\u00e1gio e abuso, suspeitas de vingan\u00e7a e acerto de contas, cancelamento e guerras de identidade. \u00c9 preciso reconhecer que o que Guadagnino apresenta \u00e9 interessante porque Depois da Ca\u00e7ada \u00e9 uma fotografia \u2013 e uma fotografia pouco lisonjeira \u2013 de como a cultura woke afetou e continua a afetar as universidades.<\/p>\n<p class=\"postParagraph_post-paragraph-innerHtml__Q5vwc\">\u00c9 verdade que, em sua maneira de contar a hist\u00f3ria, Guadagnino demonstra, mais uma vez, mas talvez mais do que nunca, que \u00e9 um autor apaixonado por si mesmo e por seu estilo de fazer cinema. E isso n\u00e3o \u00e9 uma boa not\u00edcia para Depois da Ca\u00e7ada. A \u00eanfase autoral \u2013 do uso estranho e insistente da m\u00fasica \u00e0s transi\u00e7\u00f5es estridentes \u2013, longe de auxiliar a narrativa, continuamente desvia o espectador de uma hist\u00f3ria j\u00e1 emaranhada e, \u00e0s vezes, incoerente. A faceta \u201cdiretor de filmes de moda\u201d do italiano assume o controle e nada do que ele se prop\u00f4s a alcan\u00e7ar \u00e9 alcan\u00e7ado. Nesse sentido, o filme pode desapontar muitos espectadores.<\/p>\n<p class=\"postParagraph_post-paragraph-innerHtml__Q5vwc\">Mas n\u00e3o d\u00e1 para desprezar o que \u00e9 questionado em Depois da Ca\u00e7ada, o debate subsequente que o filme pode abrir e a atua\u00e7\u00e3o soberba de Julia Roberts (em uma personagem altamente desagrad\u00e1vel). O resto do elenco, composto por atores como Andrew Garfield e Chlo\u00eb Sevigny, tamb\u00e9m est\u00e1 muito bem.<\/p>\n<p class=\"postParagraph_post-paragraph-innerHtml__Q5vwc\">\u00a9 2025 Aceprensa. Publicado com permiss\u00e3o. <a href=\"https:\/\/www.aceprensa.com\/resenas-cine-series\/caza-de-brujas-2\/\" target=\"_blank\" rel=\"noreferrer noopener nofollow\">Original em espanhol.<\/a><\/p>\n<ul class=\"postList_post-list-container__W0E4y postList_visual-type-unordered-list__M8U7t\">\n<li class=\"postList_post-list-item__34Ck1\"><strong>Depois da Ca\u00e7ada<\/strong><\/li>\n<li class=\"postList_post-list-item__34Ck1\"><strong>2025<\/strong><\/li>\n<li class=\"postList_post-list-item__34Ck1\"><strong>139 minutos<\/strong><\/li>\n<li class=\"postList_post-list-item__34Ck1\"><strong>Indicado para maiores de 16 anos<\/strong><\/li>\n<li class=\"postList_post-list-item__34Ck1\"><strong>Em cartaz nos cinemas<\/strong><\/li>\n<\/ul>\n<p class=\"gp-styles-module-size-small-afeYRa gp-styles-module-font-family2-afeYRa gp-styles-module-color-secondary-afeYRa gp-styles-module-weight-bold-afeYRa\">VEJA TAMB\u00c9M:<\/p>\n<ul class=\"postViewMore_post-view-more-list__CU_CE\">\n<li class=\"postViewMore_post-view-more-item__2MzRb\"><img loading=\"lazy\" decoding=\"async\" class=\"imageDefault_image-item__lU2Dk\" src=\"https:\/\/www.europesays.com\/pt\/wp-content\/uploads\/2025\/10\/bones-and-all-380x214.jpeg\" alt=\"\" width=\"72\" height=\"72\"\/><a class=\"postViewMore_post-view-more-link-hasImage__0lssj\" href=\"https:\/\/www.gazetadopovo.com.br\/cultura\/ate-os-ossos-combina-inocencia-e-corrupcao-em-historia-de-amor-singular\/?ref=veja-tambem\" title=\"Veja tamb\u00e9m: \u201cAt\u00e9 os Ossos\u201d combina inoc\u00eancia e corrup\u00e7\u00e3o em hist\u00f3ria de amor singular\" rel=\"nofollow noopener\" target=\"_blank\">\u201cAt\u00e9 os Ossos\u201d combina inoc\u00eancia e corrup\u00e7\u00e3o em hist\u00f3ria de amor singular<\/a><\/li>\n<li class=\"postViewMore_post-view-more-item__2MzRb\"><img loading=\"lazy\" decoding=\"async\" class=\"imageDefault_image-item__lU2Dk\" src=\"https:\/\/www.europesays.com\/pt\/wp-content\/uploads\/2025\/10\/o-testamento-380x214.jpeg.webp.webp\" alt=\"Jean-Michel recebe um pr\u00eamio por sua obra liter\u00e1ria\" width=\"72\" height=\"72\"\/><a class=\"postViewMore_post-view-more-link-hasImage__0lssj\" href=\"https:\/\/www.gazetadopovo.com.br\/cultura\/testamento-zomba-geracao-woke-olhar-velho-senhor-canadense\/?ref=veja-tambem\" title=\"Veja tamb\u00e9m: \u201cTestamento\u201d zomba de gera\u00e7\u00e3o woke pelo olhar de um velho senhor canadense\" rel=\"nofollow noopener\" target=\"_blank\">\u201cTestamento\u201d zomba de gera\u00e7\u00e3o woke pelo olhar de um velho senhor canadense<\/a><\/li>\n<\/ul>\n","protected":false},"excerpt":{"rendered":"Na Universidade Yale, uma professora titular (Julia Roberts) se v\u00ea envolvida em um esc\u00e2ndalo quando um de seus&hellip;\n","protected":false},"author":2,"featured_media":115441,"comment_status":"","ping_status":"","sticky":false,"template":"","format":"standard","meta":{"footnotes":""},"categories":[140],"tags":[23743,1580,114,115,147,148,146,32,33,10227,27109,3062,540],"class_list":{"0":"post-115440","1":"post","2":"type-post","3":"status-publish","4":"format-standard","5":"has-post-thumbnail","7":"category-filmes","8":"tag-aceprensa","9":"tag-drama","10":"tag-entertainment","11":"tag-entretenimento","12":"tag-film","13":"tag-filmes","14":"tag-movies","15":"tag-portugal","16":"tag-pt","17":"tag-relacionamentos","18":"tag-saber-cultura-woke","19":"tag-universidade","20":"tag-universidades"},"share_on_mastodon":{"url":"","error":""},"_links":{"self":[{"href":"https:\/\/www.europesays.com\/pt\/wp-json\/wp\/v2\/posts\/115440","targetHints":{"allow":["GET"]}}],"collection":[{"href":"https:\/\/www.europesays.com\/pt\/wp-json\/wp\/v2\/posts"}],"about":[{"href":"https:\/\/www.europesays.com\/pt\/wp-json\/wp\/v2\/types\/post"}],"author":[{"embeddable":true,"href":"https:\/\/www.europesays.com\/pt\/wp-json\/wp\/v2\/users\/2"}],"replies":[{"embeddable":true,"href":"https:\/\/www.europesays.com\/pt\/wp-json\/wp\/v2\/comments?post=115440"}],"version-history":[{"count":0,"href":"https:\/\/www.europesays.com\/pt\/wp-json\/wp\/v2\/posts\/115440\/revisions"}],"wp:featuredmedia":[{"embeddable":true,"href":"https:\/\/www.europesays.com\/pt\/wp-json\/wp\/v2\/media\/115441"}],"wp:attachment":[{"href":"https:\/\/www.europesays.com\/pt\/wp-json\/wp\/v2\/media?parent=115440"}],"wp:term":[{"taxonomy":"category","embeddable":true,"href":"https:\/\/www.europesays.com\/pt\/wp-json\/wp\/v2\/categories?post=115440"},{"taxonomy":"post_tag","embeddable":true,"href":"https:\/\/www.europesays.com\/pt\/wp-json\/wp\/v2\/tags?post=115440"}],"curies":[{"name":"wp","href":"https:\/\/api.w.org\/{rel}","templated":true}]}}