{"id":115445,"date":"2025-10-18T02:25:08","date_gmt":"2025-10-18T02:25:08","guid":{"rendered":"https:\/\/www.europesays.com\/pt\/115445\/"},"modified":"2025-10-18T02:25:08","modified_gmt":"2025-10-18T02:25:08","slug":"morre-samantha-eggar-atriz-de-os-filhos-do-medo-aos-86-17-10-2025-ilustrada","status":"publish","type":"post","link":"https:\/\/www.europesays.com\/pt\/115445\/","title":{"rendered":"Morre Samantha Eggar, atriz de &#8216;Os Filhos do Medo&#8217;, aos 86 &#8211; 17\/10\/2025 &#8211; Ilustrada"},"content":{"rendered":"<p>A atriz brit\u00e2nica <a href=\"https:\/\/www1.folha.uol.com.br\/ilustrissima\/2012\/02\/1046993-o-metodo-perigoso-de-david-cronenberg.shtml\" rel=\"nofollow noopener\" target=\"\">Samantha Eggar<\/a>, vencedora do pr\u00eamio de melhor atriz no <a href=\"https:\/\/www1.folha.uol.com.br\/folha-topicos\/festival-de-cannes\/\" rel=\"nofollow noopener\" target=\"\">Festival de Cannes<\/a> pelo filme &#8220;<a href=\"https:\/\/www1.folha.uol.com.br\/fsp\/ilustrad\/fq06039829.htm\" rel=\"nofollow noopener\" target=\"\">O Colecionador<\/a>&#8220;, morreu nesta quarta (15), em Los Angeles, nos Estados Unidos, aos 86 anos. A informa\u00e7\u00e3o foi confirmada \u00e0 imprensa pela fam\u00edlia, que disse que a artista sofria de uma longa doen\u00e7a, mas n\u00e3o especificou a causa da morte.<\/p>\n<p>Em uma publica\u00e7\u00e3o no <a href=\"https:\/\/www1.folha.uol.com.br\/folha-topicos\/instagram\/\" rel=\"nofollow noopener\" target=\"\">Instagram<\/a>, a filha da atriz, <a href=\"https:\/\/www1.folha.uol.com.br\/fsp\/ilustrad\/fq0305200902.htm\" rel=\"nofollow noopener\" target=\"\">Jenna Stern<\/a>, disse que a m\u00e3e morreu em paz, cercada pelos familiares. &#8220;Eu estava ali ao lado dela, segurando sua m\u00e3o e dizendo o quanto era amada. Foi algo bonito. Foi um privil\u00e9gio&#8221;, afirmou ela na postagem.<\/p>\n<p>Eggar ficou conhecida principalmente por seus pap\u00e9is no musical &#8220;<a href=\"https:\/\/www1.folha.uol.com.br\/folha\/ilustrada\/ult90u41823.shtml\" rel=\"nofollow noopener\" target=\"\">O Fant\u00e1stico Dr. Dolittle<\/a>&#8220;, de 1967, pelo terror de <a href=\"https:\/\/www1.folha.uol.com.br\/ilustrada\/2025\/04\/david-cronenberg-se-junta-ao-elenco-de-sequencia-de-casamento-sangrento.shtml\" rel=\"nofollow noopener\" target=\"\">David Cronenberg<\/a> &#8220;Os Filhos do Medo&#8221;, lan\u00e7ado em 1979, e pelo terror de <a href=\"https:\/\/www1.folha.uol.com.br\/fsp\/ilustrad\/fq2301201118.htm\" rel=\"nofollow noopener\" target=\"\">William Wyler<\/a> &#8220;O Colecionador&#8221;, lan\u00e7ado em 1965.<\/p>\n<p>Este \u00faltimo, produ\u00e7\u00e3o sobre uma estudante de arte que \u00e9 mantida em cativeiro por um jovem vivido por <a href=\"https:\/\/www1.folha.uol.com.br\/ilustrada\/2025\/08\/morre-ator-terence-stamp-o-vilao-general-zod-de-superman-aos-87-anos.shtml\" rel=\"nofollow noopener\" target=\"\">Terence Stamp<\/a>, rendeu a ela o pr\u00eamio de melhor atriz no Festival de Cannes, um <a href=\"https:\/\/www1.folha.uol.com.br\/folha-topicos\/globo-de-ouro\/\" rel=\"nofollow noopener\" target=\"\">Globo de Ouro <\/a>de melhor atriz em drama e uma indica\u00e7\u00e3o ao <a href=\"https:\/\/www1.folha.uol.com.br\/folha-topicos\/oscar\/\" rel=\"nofollow noopener\" target=\"\">Oscar <\/a>de melhor atriz, em 1966.<\/p>\n<p>Um ano depois de estrelar &#8220;O Colecionador&#8221; \u2014e pelo qual Wyler foi indicado ao Oscar de melhor diretor\u2014 Eggar contracenou com <a href=\"https:\/\/m.folha.uol.com.br\/ilustrissima\/2014\/10\/1537026-sophia-loren-como-cary-grant-me-implorou-para-ser-sua-amante.shtml?cmpid=menupe\" rel=\"nofollow noopener\" target=\"\">Cary Grant<\/a> no \u00faltimo filme estrelado pelo ator, &#8220;<a href=\"https:\/\/www1.folha.uol.com.br\/fsp\/ilustrad\/fq1801200002.htm\" rel=\"nofollow noopener\" target=\"\">Devagar, N\u00e3o Corra<\/a>&#8220;. O longa segue um casamenteiro, vivido por Grant, que se encarrega de formar um casal entre uma jovem e um conhecido atleta ol\u00edmpico.<\/p>\n<p>Foi com o sucesso deste \u00faltimo filme que ela foi selecionada para estrelar em &#8220;Dr. Dolittle&#8221;, em que viveu o par rom\u00e2ntico do protagonista-t\u00edtulo. Anos mais tarde, a obra viraria uma franquia estrelada por <a href=\"https:\/\/www1.folha.uol.com.br\/ilustrada\/2025\/08\/nao-se-pode-menosprezar-o-publico-diz-eddie-murphy-em-nova-comedia-de-acao.shtml\" rel=\"nofollow noopener\" target=\"\">Eddie Murphy<\/a>. Embora n\u00e3o fosse um musical, outro filme que deu \u00e0 atriz a oportunidade de cantar foi &#8220;Ver-Te-ei No Inferno&#8221;, em que dividiu o elenco com Richard Harris e Sean Connery. Lan\u00e7ado em 1970, o longa segue um policial que precisa investigar atividades suspeitas por parte de uma comunidade de mineradores.<\/p>\n<p>No mesmo ano, Eggar tamb\u00e9m estrelou &#8220;A Bengala&#8221;, em que deu vida a uma mulher for\u00e7ada a lidar com a poliomielite durante a inf\u00e2ncia, e &#8220;The Lady in the Car with Glasses and a Gun&#8221;, suspense policial em que contracenou com o ator Oliver Reed.<\/p>\n<p>A artista tamb\u00e9m emplacou pap\u00e9is na televis\u00e3o e em outros filmes antes de retornar ao g\u00eanero que a deixou famosa. Em 1979, ela estrelou &#8220;Os Filhos do Medo&#8221;, longa de horror corporal dirigido por David Cronenberg.<\/p>\n<p>No filme, ela interpreta uma mulher que \u00e9 submetida aos cuidados de um psic\u00f3logo duvidoso, conhecido por subverter as barreiras mentais de seus pacientes. No processo, crian\u00e7as mutantes passam a atormentar o marido da interna conforme ele investiga a situa\u00e7\u00e3o. Sua filia\u00e7\u00e3o ao g\u00eanero do terror se manteria por outros t\u00edtulos, caso do exagerado &#8220;Demonoid&#8221;, de 1981, e &#8220;Cortinas&#8221;, lan\u00e7ado em 1983.<\/p>\n<p>O sotaque brit\u00e2nico marcante de Eggar tamb\u00e9m lhe rendeu credenciais. Em 1997, ela deu vida \u00e0 deusa Hera no desenho animado da Disney &#8220;<a href=\"https:\/\/www1.folha.uol.com.br\/fsp\/ilustrad\/fq180617.htm\" rel=\"nofollow noopener\" target=\"\">H\u00e9rcules<\/a>&#8220;, papel que reprisaria numa s\u00e9rie derivada do longa-metragem. No universo das anima\u00e7\u00f5es, ela tamb\u00e9m participou de projetos como uma s\u00e9rie da <a href=\"https:\/\/www1.folha.uol.com.br\/ilustrada\/2023\/01\/adult-swim-rompe-com-criador-de-rick-and-morty-apos-caso-de-violencia.shtml\" rel=\"nofollow noopener\" target=\"\">Adult Swim<\/a>, &#8220;Metalocalypse&#8221;, e dublou personagens de jogos digitais.<\/p>\n<p>Entre os seus trabalhos mais marcantes, ela ainda fez pontas em seriados como &#8220;<a href=\"https:\/\/www1.folha.uol.com.br\/ilustrada\/815223-remake-de-hawaii-five-0-leva-rostos-bonitos-e-corpos-sarados-a-honolulu.shtml\" rel=\"nofollow noopener\" target=\"\">Hava\u00ed 5.0<\/a>&#8220;, &#8220;<a href=\"https:\/\/www1.folha.uol.com.br\/fsp\/ilustrad\/fq2901200612.htm\" rel=\"nofollow noopener\" target=\"\">A Ilha da Fantasia<\/a>&#8221; e &#8220;<a href=\"https:\/\/f5.folha.uol.com.br\/cinema-e-series\/2024\/04\/atriz-de-star-trek-discovery-nao-sabia-de-fim-da-serie-filmamos-sem-saber-que-seria-a-ultima.shtml\" rel=\"nofollow noopener\" target=\"\">Star Trek<\/a>: A Nova Gera\u00e7\u00e3o&#8221;. N\u00e3o suficiente, Eggar tamb\u00e9m dirigiu &#8220;Young and Willing&#8221;, filme de 1962 que acompanha as aventuras sexuais de um grupo de estudantes, al\u00e9m de ter dirigido epis\u00f3dios de alguns seriados para a televis\u00e3o.<\/p>\n<p>Ela foi casada o ator Tom Stern de 1964 at\u00e9 1971 e deixa uma filha, a atriz Jenna Stern, e um filho, o produtor Nicolas Stern.<\/p>\n","protected":false},"excerpt":{"rendered":"A atriz brit\u00e2nica Samantha Eggar, vencedora do pr\u00eamio de melhor atriz no Festival de Cannes pelo filme &#8220;O&hellip;\n","protected":false},"author":2,"featured_media":115446,"comment_status":"","ping_status":"","sticky":false,"template":"","format":"standard","meta":{"footnotes":""},"categories":[145],"tags":[528,211,210,470,14591,114,115,471,236,2595,1437,32,33],"class_list":{"0":"post-115445","1":"post","2":"type-post","3":"status-publish","4":"format-standard","5":"has-post-thumbnail","7":"category-celebridades","8":"tag-artista","9":"tag-celebridades","10":"tag-celebrities","11":"tag-cinema","12":"tag-david-cronenberg","13":"tag-entertainment","14":"tag-entretenimento","15":"tag-filme","16":"tag-folha","17":"tag-hollywood","18":"tag-morte","19":"tag-portugal","20":"tag-pt"},"share_on_mastodon":{"url":"","error":""},"_links":{"self":[{"href":"https:\/\/www.europesays.com\/pt\/wp-json\/wp\/v2\/posts\/115445","targetHints":{"allow":["GET"]}}],"collection":[{"href":"https:\/\/www.europesays.com\/pt\/wp-json\/wp\/v2\/posts"}],"about":[{"href":"https:\/\/www.europesays.com\/pt\/wp-json\/wp\/v2\/types\/post"}],"author":[{"embeddable":true,"href":"https:\/\/www.europesays.com\/pt\/wp-json\/wp\/v2\/users\/2"}],"replies":[{"embeddable":true,"href":"https:\/\/www.europesays.com\/pt\/wp-json\/wp\/v2\/comments?post=115445"}],"version-history":[{"count":0,"href":"https:\/\/www.europesays.com\/pt\/wp-json\/wp\/v2\/posts\/115445\/revisions"}],"wp:featuredmedia":[{"embeddable":true,"href":"https:\/\/www.europesays.com\/pt\/wp-json\/wp\/v2\/media\/115446"}],"wp:attachment":[{"href":"https:\/\/www.europesays.com\/pt\/wp-json\/wp\/v2\/media?parent=115445"}],"wp:term":[{"taxonomy":"category","embeddable":true,"href":"https:\/\/www.europesays.com\/pt\/wp-json\/wp\/v2\/categories?post=115445"},{"taxonomy":"post_tag","embeddable":true,"href":"https:\/\/www.europesays.com\/pt\/wp-json\/wp\/v2\/tags?post=115445"}],"curies":[{"name":"wp","href":"https:\/\/api.w.org\/{rel}","templated":true}]}}