{"id":115465,"date":"2025-10-18T02:46:22","date_gmt":"2025-10-18T02:46:22","guid":{"rendered":"https:\/\/www.europesays.com\/pt\/115465\/"},"modified":"2025-10-18T02:46:22","modified_gmt":"2025-10-18T02:46:22","slug":"programa-de-gerenciamento-do-uso-do-sangue-completa-um-ano-de-implantacao-no-hospital-de-clinicas","status":"publish","type":"post","link":"https:\/\/www.europesays.com\/pt\/115465\/","title":{"rendered":"Programa de Gerenciamento do Uso do Sangue completa um ano de implanta\u00e7\u00e3o no Hospital de Cl\u00ednicas"},"content":{"rendered":"<p>Iniciativa in\u00e9dita no Estado j\u00e1 apresenta resultados expressivos na seguran\u00e7a e recupera\u00e7\u00e3o dos pacientes C, com redu\u00e7\u00e3o de transfus\u00f5es e uso mais racional do sangue<\/p>\n<p>\t\t\t\t\t<a class=\"imgGcLink\" href=\"https:\/\/agenciapara.com.br\/midias\/2025\/grandes\/20251017164001-GC00071698-F00268500E.webp\" rel=\"nofollow noopener\" target=\"_blank\"><img decoding=\"async\" class=\"imGs4O0O8\" src=\"https:\/\/www.europesays.com\/pt\/wp-content\/uploads\/2025\/10\/20251017164001-GC00071698-F00268500E.webp.webp\" title=\"Cr\u00e9dito: Divulga\u00e7\u00e3o\"\/><\/a>&#13;<br \/>\n&#13;<\/p>\n<p>O Hospital de Cl\u00ednicas Gaspar Vianna (HC) celebra o primeiro ano de implanta\u00e7\u00e3o do Programa de Gerenciamento do Sangue do Paciente, conhecido internacionalmente como Patient Blood Management (PBM). Pioneiro no Par\u00e1, o HC \u00e9 a primeira unidade p\u00fablica do Estado a adotar essa estrat\u00e9gia inovadora, que j\u00e1 mostra resultados significativos na seguran\u00e7a e na recupera\u00e7\u00e3o dos pacientes.<\/p>\n<p>Coordenado pela m\u00e9dica hematologista I\u00ea Fernandez, da Ag\u00eancia Transfusional do HC, o PBM representa uma mudan\u00e7a de paradigma no cuidado hospitalar. \u201cO Gerenciamento do Sangue do Paciente, ou PBM, \u00e9 um conjunto de cuidados que visam melhorar o tratamento e recupera\u00e7\u00e3o do paciente. Ele se concentra em otimizar a sa\u00fade do sangue antes, durante e ap\u00f3s os procedimentos, focando na preven\u00e7\u00e3o e tratamento da anemia e na redu\u00e7\u00e3o da perda de sangue\u201d, explica a m\u00e9dica.<\/p>\n<p>Com a implanta\u00e7\u00e3o do programa, o hospital passou a adotar pr\u00e1ticas que priorizam o uso racional e seguro do sangue. \u201cIsso significa menos risco de precisar de uma transfus\u00e3o de sangue de doador. Caso seja necess\u00e1ria, ela ocorre com a quantidade m\u00ednima e mais segura. Isso diminui as chances de complica\u00e7\u00f5es, infec\u00e7\u00f5es e rea\u00e7\u00f5es transfusionais, al\u00e9m de poder acelerar a alta hospitalar\u201d, detalha a coordenadora.<\/p>\n<p><a class=\"imgGcLink\" href=\"https:\/\/agenciapara.com.br\/midias\/2025\/grandes\/20251017164009-GC00071698-F00268501E.webp\" rel=\"nofollow noopener\" target=\"_blank\"><img decoding=\"async\" class=\"imGs4O0O8\" src=\"https:\/\/www.europesays.com\/pt\/wp-content\/uploads\/2025\/10\/20251017164009-GC00071698-F00268501E.webp.webp\" title=\"Cr\u00e9dito: Divulga\u00e7\u00e3o\"\/><\/a>&#13;<br \/>\n&#13;<\/p>\n<p>Durante este primeiro ano, os resultados j\u00e1 s\u00e3o concretos. O hospital registrou melhor cuidado do sangue do paciente no pr\u00e9-operat\u00f3rio, com tratamento antecipado de anemias e outras altera\u00e7\u00f5es, e indica\u00e7\u00f5es mais precisas de transfus\u00f5es, minimizando riscos e otimizando recursos.<\/p>\n<p>Al\u00e9m disso, houve uma redu\u00e7\u00e3o significativa no uso de hemocomponentes, com queda de cerca de 25% na utiliza\u00e7\u00e3o de concentrados de hem\u00e1cias e 60% no uso de plasma fresco durante procedimentos cir\u00fargicos. \u201cEsses resultados mostram apenas o in\u00edcio de um grande trabalho. Em pa\u00edses onde o PBM j\u00e1 est\u00e1 implantado h\u00e1 mais tempo, os benef\u00edcios incluem redu\u00e7\u00e3o da morbimortalidade, das infec\u00e7\u00f5es e do tempo de interna\u00e7\u00e3o\u201d, ressalta I\u00ea Fernandez.<\/p>\n<p>O Hospital de Cl\u00ednicas Gaspar Vianna refor\u00e7a, com este marco de um ano, seu compromisso em promover pr\u00e1ticas assistenciais mais seguras e sustent\u00e1veis, fortalecendo o cuidado centrado no paciente e consolidando-se como refer\u00eancia em inova\u00e7\u00e3o hospitalar no Par\u00e1.<\/p>\n","protected":false},"excerpt":{"rendered":"Iniciativa in\u00e9dita no Estado j\u00e1 apresenta resultados expressivos na seguran\u00e7a e recupera\u00e7\u00e3o dos pacientes C, com redu\u00e7\u00e3o de&hellip;\n","protected":false},"author":2,"featured_media":115466,"comment_status":"","ping_status":"","sticky":false,"template":"","format":"standard","meta":{"footnotes":""},"categories":[86],"tags":[3291,3292,1650,301,3296,116,3293,1133,13,3295,3294,32,33,117,227],"class_list":{"0":"post-115465","1":"post","2":"type-post","3":"status-publish","4":"format-standard","5":"has-post-thumbnail","7":"category-saude","8":"tag-agencia","9":"tag-agenciapaa","10":"tag-fotos","11":"tag-governo","12":"tag-govpara","13":"tag-health","14":"tag-notas","15":"tag-noticia","16":"tag-noticias","17":"tag-para","18":"tag-pautas","19":"tag-portugal","20":"tag-pt","21":"tag-saude","22":"tag-videos"},"share_on_mastodon":{"url":"","error":""},"_links":{"self":[{"href":"https:\/\/www.europesays.com\/pt\/wp-json\/wp\/v2\/posts\/115465","targetHints":{"allow":["GET"]}}],"collection":[{"href":"https:\/\/www.europesays.com\/pt\/wp-json\/wp\/v2\/posts"}],"about":[{"href":"https:\/\/www.europesays.com\/pt\/wp-json\/wp\/v2\/types\/post"}],"author":[{"embeddable":true,"href":"https:\/\/www.europesays.com\/pt\/wp-json\/wp\/v2\/users\/2"}],"replies":[{"embeddable":true,"href":"https:\/\/www.europesays.com\/pt\/wp-json\/wp\/v2\/comments?post=115465"}],"version-history":[{"count":0,"href":"https:\/\/www.europesays.com\/pt\/wp-json\/wp\/v2\/posts\/115465\/revisions"}],"wp:featuredmedia":[{"embeddable":true,"href":"https:\/\/www.europesays.com\/pt\/wp-json\/wp\/v2\/media\/115466"}],"wp:attachment":[{"href":"https:\/\/www.europesays.com\/pt\/wp-json\/wp\/v2\/media?parent=115465"}],"wp:term":[{"taxonomy":"category","embeddable":true,"href":"https:\/\/www.europesays.com\/pt\/wp-json\/wp\/v2\/categories?post=115465"},{"taxonomy":"post_tag","embeddable":true,"href":"https:\/\/www.europesays.com\/pt\/wp-json\/wp\/v2\/tags?post=115465"}],"curies":[{"name":"wp","href":"https:\/\/api.w.org\/{rel}","templated":true}]}}