{"id":115522,"date":"2025-10-18T04:26:25","date_gmt":"2025-10-18T04:26:25","guid":{"rendered":"https:\/\/www.europesays.com\/pt\/115522\/"},"modified":"2025-10-18T04:26:25","modified_gmt":"2025-10-18T04:26:25","slug":"inglaterra-e-pais-de-gales-recebem-primeira-vacina-de-prevencao-do-vih","status":"publish","type":"post","link":"https:\/\/www.europesays.com\/pt\/115522\/","title":{"rendered":"Inglaterra e Pa\u00eds de Gales recebem primeira vacina de preven\u00e7\u00e3o do VIH"},"content":{"rendered":"<p>\n         Publicado a<br \/>\n            17\/10\/2025 &#8211; 12:52 GMT+2\n            <\/p>\n<p>          <img decoding=\"async\" class=\"c-ad__placeholder__logo\" src=\"https:\/\/static.euronews.com\/website\/images\/logos\/logo-euronews-stacked-outlined-72x72-grey-9.svg\" width=\"72\" height=\"72\" alt=\"\" loading=\"lazy\"\/><br \/>\n          PUBLICIDADE<\/p>\n<p>Em breve, as pessoas em Inglaterra e no Pa\u00eds de Gales ter\u00e3o acesso, pela primeira vez, a uma vacina de longa dura\u00e7\u00e3o para a preven\u00e7\u00e3o do VIH.<\/p>\n<p>O Instituto Nacional para a Sa\u00fade e Excel\u00eancia em Cuidados, que emite orienta\u00e7\u00f5es sobre novos medicamentos, recomendou esta inje\u00e7\u00e3o para adultos e jovens que est\u00e3o em alto risco de contrair VIH, mas que n\u00e3o podem tomar a medica\u00e7\u00e3o em forma de comprimido.<\/p>\n<p>O medicamento, conhecido como cabotegravir, deve ser administrado a cada dois meses.<\/p>\n<p>\u00c9 uma forma de profilaxia pr\u00e9-exposi\u00e7\u00e3o (PrEP), que funciona ao impedir que o v\u00edrus se replique e se espalhe no corpo. Reduz o risco de contrair VIH tanto em adultos como em adolescentes.<\/p>\n<p>Em 2024, mais de 111.000 pessoas em Inglaterra acederam \u00e0 PrEP atrav\u00e9s de cl\u00ednicas de sa\u00fade sexual, segundo a Ag\u00eancia de Seguran\u00e7a da Sa\u00fade do Reino Unido (UKHSA).<\/p>\n<p>O NICE estima que at\u00e9 1.000 pessoas por ano beneficiar\u00e3o da disponibilidade do cabotegravir atrav\u00e9s do Servi\u00e7o Nacional de Sa\u00fade (NHS). Espera-se que a distribui\u00e7\u00e3o comece nos pr\u00f3ximos meses.<\/p>\n<p>\u201cA recomenda\u00e7\u00e3o de hoje para o cabotegravir marca um marco significativo \u2013 este \u00e9 o primeiro tratamento injet\u00e1vel de preven\u00e7\u00e3o do VIH dispon\u00edvel para os pacientes\u201d, afirmou Helen Knight, diretora de avalia\u00e7\u00e3o de medicamentos do NICE, num comunicado.<\/p>\n<p>Novos medicamentos de preven\u00e7\u00e3o do VIH no horizonte<\/p>\n<p>O cabotegravir \u00e9 diferente de outra inje\u00e7\u00e3o de preven\u00e7\u00e3o do VIH, chamada lenacapavir, que foi aclamada como um grande avan\u00e7o m\u00e9dico por se mostrar altamente eficaz em estudos cl\u00ednicos e por precisar ser administrada apenas duas vezes por ano.<\/p>\n<p>Os reguladores da Uni\u00e3o Europeia e dos Estados Unidos aprovaram o lenacapavir no in\u00edcio deste ano, o que poder\u00e1 acelerar a decis\u00e3o dos reguladores do Reino Unido assim que a farmac\u00eautica Gilead solicitar a autoriza\u00e7\u00e3o nesse pa\u00eds.<\/p>\n<p>Nos pa\u00edses ricos, um curso anual de lenacapavir custa mais de 28.000 d\u00f3lares (cerca de 24.000 euros) por pessoa, de acordo com o grupo de acesso m\u00e9dico Unitaid.<\/p>\n<p>No m\u00eas passado, a Unitaid anunciou planos para disponibilizar uma vers\u00e3o gen\u00e9rica mais barata da inje\u00e7\u00e3o de lenacapavir em 120 pa\u00edses de baixo rendimento a partir de 2027.<\/p>\n","protected":false},"excerpt":{"rendered":"Publicado a 17\/10\/2025 &#8211; 12:52 GMT+2 PUBLICIDADE Em breve, as pessoas em Inglaterra e no Pa\u00eds de Gales&hellip;\n","protected":false},"author":2,"featured_media":115523,"comment_status":"","ping_status":"","sticky":false,"template":"","format":"standard","meta":{"footnotes":""},"categories":[86],"tags":[116,6706,32,33,117,896,3497],"class_list":{"0":"post-115522","1":"post","2":"type-post","3":"status-publish","4":"format-standard","5":"has-post-thumbnail","7":"category-saude","8":"tag-health","9":"tag-pesquisa-medica","10":"tag-portugal","11":"tag-pt","12":"tag-saude","13":"tag-saude-publica","14":"tag-sida"},"share_on_mastodon":{"url":"","error":""},"_links":{"self":[{"href":"https:\/\/www.europesays.com\/pt\/wp-json\/wp\/v2\/posts\/115522","targetHints":{"allow":["GET"]}}],"collection":[{"href":"https:\/\/www.europesays.com\/pt\/wp-json\/wp\/v2\/posts"}],"about":[{"href":"https:\/\/www.europesays.com\/pt\/wp-json\/wp\/v2\/types\/post"}],"author":[{"embeddable":true,"href":"https:\/\/www.europesays.com\/pt\/wp-json\/wp\/v2\/users\/2"}],"replies":[{"embeddable":true,"href":"https:\/\/www.europesays.com\/pt\/wp-json\/wp\/v2\/comments?post=115522"}],"version-history":[{"count":0,"href":"https:\/\/www.europesays.com\/pt\/wp-json\/wp\/v2\/posts\/115522\/revisions"}],"wp:featuredmedia":[{"embeddable":true,"href":"https:\/\/www.europesays.com\/pt\/wp-json\/wp\/v2\/media\/115523"}],"wp:attachment":[{"href":"https:\/\/www.europesays.com\/pt\/wp-json\/wp\/v2\/media?parent=115522"}],"wp:term":[{"taxonomy":"category","embeddable":true,"href":"https:\/\/www.europesays.com\/pt\/wp-json\/wp\/v2\/categories?post=115522"},{"taxonomy":"post_tag","embeddable":true,"href":"https:\/\/www.europesays.com\/pt\/wp-json\/wp\/v2\/tags?post=115522"}],"curies":[{"name":"wp","href":"https:\/\/api.w.org\/{rel}","templated":true}]}}