{"id":115526,"date":"2025-10-18T04:36:44","date_gmt":"2025-10-18T04:36:44","guid":{"rendered":"https:\/\/www.europesays.com\/pt\/115526\/"},"modified":"2025-10-18T04:36:44","modified_gmt":"2025-10-18T04:36:44","slug":"de-luto-e-devastado-ex-concorrente-recebe-a-maior-prova-de-amor-da-namorada-atravessou-o-mundo-secret-story","status":"publish","type":"post","link":"https:\/\/www.europesays.com\/pt\/115526\/","title":{"rendered":"De luto e devastado, ex-concorrente recebe a maior prova de amor da namorada: \u00abAtravessou o mundo&#8230;\u00bb &#8211; Secret Story"},"content":{"rendered":"<p><strong>Afonso Vaz, <\/strong>ex-concorrente d&#8217;<strong>O Tri\u00e2ngulo<\/strong>, da TVI, est\u00e1 de luto. O personal trainer perdeu a av\u00f3 e recebeu uma surpresa muito especial da namorada, que atravessou o mundo para o ver.\u00a0<\/p>\n<p>O<a href=\"https:\/\/tvi.iol.pt\/secretstory\/\" rel=\"nofollow noopener\" target=\"_blank\"> ex-concorrente<\/a> est\u00e1 de luto pela morte da sua av\u00f3 e, nas redes sociais, partilhou uma foto da companheira, Joana, a segurar um enorme ramo de flores. \u00ab<strong>Veio do outro lado do mundo assim que soube do falecimento da minha av\u00f3<\/strong>\u00bb, come\u00e7ou por dizer.<\/p>\n<p>\u00abEsta mi\u00fada \u00e9 a luz da minha vida, de quem tem a sorte de a ter por perto. \u00c9 amorosa, alegre e teimosa. \u00c9 tamb\u00e9m o amor da minha vida. Por acaso, hoje fazemos seis meses, seis meses de uma vida a teu lado. Obrigado por tudo, meu amor\u00bb, acrescentou.<\/p>\n<p><strong>Percorra a nossa galeria e veja as fotos em quest\u00e3o<\/strong><\/p>\n","protected":false},"excerpt":{"rendered":"Afonso Vaz, ex-concorrente d&#8217;O Tri\u00e2ngulo, da TVI, est\u00e1 de luto. O personal trainer perdeu a av\u00f3 e recebeu&hellip;\n","protected":false},"author":2,"featured_media":115527,"comment_status":"","ping_status":"","sticky":false,"template":"","format":"standard","meta":{"footnotes":""},"categories":[142],"tags":[27118,18706,114,115,18705,1339,32,33,151,18704],"class_list":{"0":"post-115526","1":"post","2":"type-post","3":"status-publish","4":"format-standard","5":"has-post-thumbnail","7":"category-tv","8":"tag-afonso-vaz","9":"tag-bastidores-secret-story","10":"tag-entertainment","11":"tag-entretenimento","12":"tag-entrevistas-concorrentes-tvi","13":"tag-luto","14":"tag-portugal","15":"tag-pt","16":"tag-tv","17":"tag-vida-fora-da-casa"},"share_on_mastodon":{"url":"","error":""},"_links":{"self":[{"href":"https:\/\/www.europesays.com\/pt\/wp-json\/wp\/v2\/posts\/115526","targetHints":{"allow":["GET"]}}],"collection":[{"href":"https:\/\/www.europesays.com\/pt\/wp-json\/wp\/v2\/posts"}],"about":[{"href":"https:\/\/www.europesays.com\/pt\/wp-json\/wp\/v2\/types\/post"}],"author":[{"embeddable":true,"href":"https:\/\/www.europesays.com\/pt\/wp-json\/wp\/v2\/users\/2"}],"replies":[{"embeddable":true,"href":"https:\/\/www.europesays.com\/pt\/wp-json\/wp\/v2\/comments?post=115526"}],"version-history":[{"count":0,"href":"https:\/\/www.europesays.com\/pt\/wp-json\/wp\/v2\/posts\/115526\/revisions"}],"wp:featuredmedia":[{"embeddable":true,"href":"https:\/\/www.europesays.com\/pt\/wp-json\/wp\/v2\/media\/115527"}],"wp:attachment":[{"href":"https:\/\/www.europesays.com\/pt\/wp-json\/wp\/v2\/media?parent=115526"}],"wp:term":[{"taxonomy":"category","embeddable":true,"href":"https:\/\/www.europesays.com\/pt\/wp-json\/wp\/v2\/categories?post=115526"},{"taxonomy":"post_tag","embeddable":true,"href":"https:\/\/www.europesays.com\/pt\/wp-json\/wp\/v2\/tags?post=115526"}],"curies":[{"name":"wp","href":"https:\/\/api.w.org\/{rel}","templated":true}]}}