{"id":11553,"date":"2025-08-01T13:12:11","date_gmt":"2025-08-01T13:12:11","guid":{"rendered":"https:\/\/www.europesays.com\/pt\/11553\/"},"modified":"2025-08-01T13:12:11","modified_gmt":"2025-08-01T13:12:11","slug":"o-adn-de-jan-bednarek-aos-olhos-de-quem-o-lancou","status":"publish","type":"post","link":"https:\/\/www.europesays.com\/pt\/11553\/","title":{"rendered":"o ADN de Jan Bednarek aos olhos de quem o lan\u00e7ou"},"content":{"rendered":"<p>Quem acompanhava a Premier League conhecia <a href=\"https:\/\/www.zerozero.pt\/jogador\/jan-bednarek\/355551\" rel=\"nofollow noopener\" target=\"_blank\"><strong>Jan Bednarek<\/strong><\/a>, experiente defesa central polaco que passou as \u00faltimas temporadas com a camisola do Southampton. No total, o atleta esteve oito anos nos\u00a0saints, tornando-se num elemento s\u00f3lido para todos os treinadores que passaram pelo banco de suplentes do clube.<\/p>\n<p>Veja Tamb\u00e9m<\/p>\n<p>Contra todas as expectativas, o jogador de 29 anos decidiu dar um novo rumo \u00e0 sua carreira e assinar pelo FC Porto, equipa que anunciou a sua contrata\u00e7\u00e3o na passada segunda-feira. Um movimento at\u00edpico por estas andan\u00e7as, dado que os azuis e brancos s\u00f3 tiveram cinco jogadores polacos em toda a sua hist\u00f3ria. Adivinha quais?<\/p>\n<p><a href=\"https:\/\/www.zerozero.pt\/equipa\/fc-porto\/jogadores?active=99&amp;pos=0&amp;pais=25&amp;epoca_stats_id=0&amp;menu=&amp;o=\" rel=\"nofollow noopener\" target=\"_blank\"><strong>Jozef Mlynarczyk,\u00a0Grzegorz Mielcarski,\u00a0Przemyslaw Kazmierczak,\u00a0Andrzej Wozniak e Pawel Kieszek<\/strong><\/a>.<\/p>\n<p>Bednarek tornar-se-\u00e1\u00a0o sexto, mas o primeiro defesa nestas condi\u00e7\u00f5es (tr\u00eas guarda-redes, um avan\u00e7ado e um m\u00e9dio). A estreia poder\u00e1 acontecer\u00a0j\u00e1\u00a0este s\u00e1bado, na sequ\u00eancia de um amig\u00e1vel contra o Atl\u00e9tico de Madrid.<\/p>\n<p>Antes desse momento no Est\u00e1dio do Drag\u00e3o, o\u00a0<strong>zerozero<\/strong>\u00a0foi conhecer melhor o perfil do novo &#8216;patr\u00e3o&#8217; portista, que s\u00f3 esteve em dois pa\u00edses durante o seu trajeto: Pol\u00f3nia e Inglaterra. Foi lan\u00e7ado a n\u00edvel s\u00e9nior por\u00a0<a href=\"https:\/\/www.zerozero.pt\/treinador\/mariusz-rumak\/8235\" rel=\"nofollow noopener\" target=\"_blank\"><strong>Mariusz Rumak<\/strong><\/a>\u00a0e\u00a0coincidiu com\u00a0<a href=\"https:\/\/www.zerozero.pt\/jogador\/leandro\/116489\" rel=\"nofollow noopener\" target=\"_blank\"><strong>Leandro Messias<\/strong><\/a>\u00a0pouco tempo depois.\u00a0<\/p>\n<p>Escolhemos estes dois nomes para\u00a0desconstruir\u00a0Jan Bednarek, o mais recente refor\u00e7o para o FC Porto vers\u00e3o 2025\/2026.<\/p>\n<p>Embarque connosco nesta viagem que passa pela Pol\u00f3nia, Inglaterra e Portugal.<\/p>\n<blockquote class=\"twitter-tweet\"><p>&#13;<\/p>\n<p dir=\"ltr\" lang=\"pl\">14 anos depois, o FC Porto volta a ter um jogador polaco: ????????Jan Bednarek<\/p>\n<p>????????Jozef Mlynarczyk (91J)<br \/>&#13;<br \/>\n????????Mielcarski (56J\/11G)<br \/>&#13;<br \/>\n????????Kazmierczak (19J\/1G)<br \/>&#13;<br \/>\n????????Wozniak (12J)<br \/>&#13;<br \/>\n????????Kieszek (4J) <a href=\"https:\/\/t.co\/q8ILFNDOvS\" rel=\"nofollow\">pic.twitter.com\/q8ILFNDOvS<\/a><\/p>\n<p>&#13;<br \/>\n\u2014 Playmaker (@playmaker_PT) <a href=\"https:\/\/twitter.com\/playmaker_PT\/status\/1950121652433424389?ref_src=twsrc%5Etfw\" rel=\"nofollow noopener\" target=\"_blank\">July 29, 2025<\/a><\/p><\/blockquote>\n<p><script async src=\"https:\/\/platform.twitter.com\/widgets.js\" charset=\"utf-8\"><\/script><\/p>\n","protected":false},"excerpt":{"rendered":"Quem acompanhava a Premier League conhecia Jan Bednarek, experiente defesa central polaco que passou as \u00faltimas temporadas com&hellip;\n","protected":false},"author":2,"featured_media":11554,"comment_status":"","ping_status":"","sticky":false,"template":"","format":"standard","meta":{"footnotes":""},"categories":[8],"tags":[27,28,135,15,16,526,524,14,25,26,21,22,12,13,19,20,32,23,24,33,527,525,17,18,29,30,31,523],"class_list":{"0":"post-11553","1":"post","2":"type-post","3":"status-publish","4":"format-standard","5":"has-post-thumbnail","7":"category-principais-noticias","8":"tag-breaking-news","9":"tag-breakingnews","10":"tag-desporto","11":"tag-featured-news","12":"tag-featurednews","13":"tag-football","14":"tag-futebol","15":"tag-headlines","16":"tag-latest-news","17":"tag-latestnews","18":"tag-main-news","19":"tag-mainnews","20":"tag-news","21":"tag-noticias","22":"tag-noticias-principais","23":"tag-noticiasprincipais","24":"tag-portugal","25":"tag-principais-noticias","26":"tag-principaisnoticias","27":"tag-pt","28":"tag-resultados","29":"tag-soccer","30":"tag-top-stories","31":"tag-topstories","32":"tag-ultimas","33":"tag-ultimas-noticias","34":"tag-ultimasnoticias","35":"tag-zerozero"},"share_on_mastodon":{"url":"","error":""},"_links":{"self":[{"href":"https:\/\/www.europesays.com\/pt\/wp-json\/wp\/v2\/posts\/11553","targetHints":{"allow":["GET"]}}],"collection":[{"href":"https:\/\/www.europesays.com\/pt\/wp-json\/wp\/v2\/posts"}],"about":[{"href":"https:\/\/www.europesays.com\/pt\/wp-json\/wp\/v2\/types\/post"}],"author":[{"embeddable":true,"href":"https:\/\/www.europesays.com\/pt\/wp-json\/wp\/v2\/users\/2"}],"replies":[{"embeddable":true,"href":"https:\/\/www.europesays.com\/pt\/wp-json\/wp\/v2\/comments?post=11553"}],"version-history":[{"count":0,"href":"https:\/\/www.europesays.com\/pt\/wp-json\/wp\/v2\/posts\/11553\/revisions"}],"wp:featuredmedia":[{"embeddable":true,"href":"https:\/\/www.europesays.com\/pt\/wp-json\/wp\/v2\/media\/11554"}],"wp:attachment":[{"href":"https:\/\/www.europesays.com\/pt\/wp-json\/wp\/v2\/media?parent=11553"}],"wp:term":[{"taxonomy":"category","embeddable":true,"href":"https:\/\/www.europesays.com\/pt\/wp-json\/wp\/v2\/categories?post=11553"},{"taxonomy":"post_tag","embeddable":true,"href":"https:\/\/www.europesays.com\/pt\/wp-json\/wp\/v2\/tags?post=11553"}],"curies":[{"name":"wp","href":"https:\/\/api.w.org\/{rel}","templated":true}]}}