{"id":115532,"date":"2025-10-18T04:50:06","date_gmt":"2025-10-18T04:50:06","guid":{"rendered":"https:\/\/www.europesays.com\/pt\/115532\/"},"modified":"2025-10-18T04:50:06","modified_gmt":"2025-10-18T04:50:06","slug":"jessica-vieira-vive-tarde-cheia-de-amor-e-garante-e-para-repetir-sem-duvida","status":"publish","type":"post","link":"https:\/\/www.europesays.com\/pt\/115532\/","title":{"rendered":"J\u00e9ssica Vieira vive &#8220;tarde cheia de amor&#8221; e garante: &#8220;\u00c9 para repetir, sem d\u00favida&#8221;"},"content":{"rendered":"<p>Foi no passado domingo, dia 12, que J\u00e9ssica Vieira se encontrou finalmente com dezenas e dezenas de apoiantes que a levaram \u00e0 vit\u00f3ria do &#8220;<a href=\"https:\/\/tvi.iol.pt\/bigbrother\/\" target=\"_blank\" rel=\"nofollow noopener\">Big Brother<\/a> Ver\u00e3o&#8221;. A reuni\u00e3o aconteceu no Porto, mais concretamente na quinta de Patr\u00edcia Silva, ex-concorrente de reality shows da <a href=\"https:\/\/tvi.iol.pt\/\" target=\"_blank\" rel=\"nofollow noopener\">TVI<\/a>, e da irm\u00e3, Joana Silva.<\/p>\n<p>&#8220;Decidi organizar este evento um m\u00eas ap\u00f3s ter vencido, porque acho que tenho de valorizar quem est\u00e1 do meu lado, me apoia e fez de mim vencedora. Diariamente, fazem quest\u00e3o de me elevar e conseguiram, todos juntos, levar-me \u00e0 vit\u00f3ria. Ent\u00e3o, quis conhec\u00ea-los de perto. N\u00e3o consegui ter toda a gente. Juntei cem pessoas e mais alguns ex-concorrentes&#8221;, conta J\u00e9ssica Vieira, em declara\u00e7\u00f5es exclusivas \u00e0 SELFIE.<\/p>\n<p>A jovem &#8220;estava expectante para perceber se as pessoas realmente iam&#8221;:\u00a0&#8220;Foram s\u00f3 cem pessoas, porque queria mesmo estar com todas as pessoas e dar aten\u00e7\u00e3o a todas elas. Se fosse muito mais gente, sei que n\u00e3o iria conseguir.&#8221;<\/p>\n<p>L\u00e1 chegada, <a href=\"https:\/\/selfie.iol.pt\/famosos\/casa-dos-segredos\/ninguem-te-assume-gorda-jessica-vieira-responde-a-letra\/20251011\/68ea2a17d34e58bc6796c62f\" target=\"_blank\" rel=\"nofollow noopener\">J\u00e9ssica Vieira<\/a> constatou que &#8220;as pessoas apareceram&#8221;. &#8220;Foi muito, muito giro. Parecia que j\u00e1 nos conhec\u00edamos pessoalmente h\u00e1 muito tempo. Estava uma energia maravilhosa, um ambiente incr\u00edvel&#8230; Foi mesmo giro e leve&#8221;, confidencia, sublinhando: &#8220;Foi um dia muito bem passado. Foi uma tarde incr\u00edvel, com muita m\u00fasica. O [F\u00e1bio] Paim, a Ana Duarte e a Bruna tamb\u00e9m cantaram.&#8221;<\/p>\n<p>Dias ap\u00f3s esta reuni\u00e3o, a primeira classificada do programa da esta\u00e7\u00e3o de Queluz de Baixo n\u00e3o tem d\u00favidas: a experi\u00eancia &#8220;\u00e9 para repetir, sem d\u00favida&#8221;. &#8220;Fiz no Porto, porque \u00e9 a minha casa. O Porto tem um lugar muito especial no meu cora\u00e7\u00e3o. Mas tamb\u00e9m tenho a ideia de fazer em Lisboa. Ainda estou a ver datas, mas quero muito que aconte\u00e7a. No fundo, quero estar um bocadinho com quem me viu na caixinha m\u00e1gica, gosta de mim e me apoia&#8221;, frisa.<\/p>\n<p>Nesse futuro encontro, J\u00e9ssica Vieira espera poder contar com outros antigos moradores da casa mais vigiada do Pa\u00eds: &#8220;Alguns ex-concorrentes n\u00e3o conseguiram estar presentes, com muita pena dos dois lados, mas com certeza que, em Lisboa, j\u00e1 v\u00e3o conseguir estar. Mas foi mesmo muito, muito, muito giro. As pessoas divertiram-se. Eu diverti-me. Foi uma tarde cheia de amor.&#8221;<\/p>\n<p>Veja, agora, na galeria que prepar\u00e1mos para si, as imagens da reuni\u00e3o que <a href=\"https:\/\/selfie.iol.pt\/famosos\/casa-dos-segredos\/cumplice-de-um-finalista-do-big-brother-jessica-vieira-assume-a-minha-melhor-versao\/20251012\/68ec0603d34ee0c2fed12b02\" target=\"_blank\" rel=\"nofollow noopener\">J\u00e9ssica Vieira<\/a> proporcionou com f\u00e3s.<\/p>\n","protected":false},"excerpt":{"rendered":"Foi no passado domingo, dia 12, que J\u00e9ssica Vieira se encontrou finalmente com dezenas e dezenas de apoiantes&hellip;\n","protected":false},"author":2,"featured_media":115533,"comment_status":"","ping_status":"","sticky":false,"template":"","format":"standard","meta":{"footnotes":""},"categories":[142],"tags":[340,6308,48,1170,1997,114,115,741,6309,4763,337,980,1417,27120,619,27119,32,33,1014,1012,151,162,15375],"class_list":{"0":"post-115532","1":"post","2":"type-post","3":"status-publish","4":"format-standard","5":"has-post-thumbnail","7":"category-tv","8":"tag-ana-duarte","9":"tag-bb","10":"tag-big-brother","11":"tag-big-brother-verao","12":"tag-bruna","13":"tag-entertainment","14":"tag-entretenimento","15":"tag-entrevista","16":"tag-ex-concorrente","17":"tag-exclusivo","18":"tag-fabio-paim","19":"tag-famosos","20":"tag-jessica-vieira","21":"tag-joana-silva","22":"tag-nacional","23":"tag-patricia-silva","24":"tag-portugal","25":"tag-pt","26":"tag-reality-show","27":"tag-selfie","28":"tag-tv","29":"tag-tvi","30":"tag-vencedora"},"share_on_mastodon":{"url":"","error":""},"_links":{"self":[{"href":"https:\/\/www.europesays.com\/pt\/wp-json\/wp\/v2\/posts\/115532","targetHints":{"allow":["GET"]}}],"collection":[{"href":"https:\/\/www.europesays.com\/pt\/wp-json\/wp\/v2\/posts"}],"about":[{"href":"https:\/\/www.europesays.com\/pt\/wp-json\/wp\/v2\/types\/post"}],"author":[{"embeddable":true,"href":"https:\/\/www.europesays.com\/pt\/wp-json\/wp\/v2\/users\/2"}],"replies":[{"embeddable":true,"href":"https:\/\/www.europesays.com\/pt\/wp-json\/wp\/v2\/comments?post=115532"}],"version-history":[{"count":0,"href":"https:\/\/www.europesays.com\/pt\/wp-json\/wp\/v2\/posts\/115532\/revisions"}],"wp:featuredmedia":[{"embeddable":true,"href":"https:\/\/www.europesays.com\/pt\/wp-json\/wp\/v2\/media\/115533"}],"wp:attachment":[{"href":"https:\/\/www.europesays.com\/pt\/wp-json\/wp\/v2\/media?parent=115532"}],"wp:term":[{"taxonomy":"category","embeddable":true,"href":"https:\/\/www.europesays.com\/pt\/wp-json\/wp\/v2\/categories?post=115532"},{"taxonomy":"post_tag","embeddable":true,"href":"https:\/\/www.europesays.com\/pt\/wp-json\/wp\/v2\/tags?post=115532"}],"curies":[{"name":"wp","href":"https:\/\/api.w.org\/{rel}","templated":true}]}}