{"id":115536,"date":"2025-10-18T05:01:24","date_gmt":"2025-10-18T05:01:24","guid":{"rendered":"https:\/\/www.europesays.com\/pt\/115536\/"},"modified":"2025-10-18T05:01:24","modified_gmt":"2025-10-18T05:01:24","slug":"suposta-conversa-picante-entre-gracyanne-e-joao-vicente-vem-a-ton","status":"publish","type":"post","link":"https:\/\/www.europesays.com\/pt\/115536\/","title":{"rendered":"Suposta conversa picante entre Gracyanne e Jo\u00e3o Vicente vem \u00e0 ton"},"content":{"rendered":"<p>Nesta sexta-feira (17), um dia ap\u00f3s Gracyanne Barbosa e Jo\u00e3o Vicente de Castro negarem os rumores de que estariam tendo um affair, vazou uma suposta conversa picante entre os dois. Uma das mensagens que aparecem no print dispara elogios a um corpo sarado.\u00a0<\/p>\n<p>O registro foi exposto no programa &#8216;Melhor da Tarde&#8217;, da Band. A conversa, supostamente, \u00e9 do ator de &#8216;Vale Tudo&#8217;, enviando frases de cunho sexual para a musa fitness e pedindo para v\u00ea-la depois do banho.\u00a0<\/p>\n<p>\u201cFoi tomar banho? Deixa eu ver sua barriga, tenho muito tes\u00e3o nela, contraindo as veias. P*ta que pariu, voc\u00ea \u00e9 muito gostosa\u201d, pediu.<\/p>\n<p>Resposta de Gracyanne e rea\u00e7\u00e3o dos internautas<\/p>\n<p>Logo depois, Gracyanne Barbosa provocou: \u201cQuero voc\u00ea andando de quatro na minha casa\u201d, escreveu.<\/p>\n<p>No X, antigo Twitter, os usu\u00e1rios se divertiram: \u201cEle negou, a Gracyanne negou, disse que era outro Jo\u00e3o Vicente, e agora os prints chegaram\u201d, disse um. \u201cOs bandidos que assaltaram a Gracyanne que devem estar vendendo os prints das conversas dela com o Jo\u00e3o Vicente\u201d, analisou outra.\u00a0<\/p>\n<p>\u00a0<\/p>\n","protected":false},"excerpt":{"rendered":"Nesta sexta-feira (17), um dia ap\u00f3s Gracyanne Barbosa e Jo\u00e3o Vicente de Castro negarem os rumores de que&hellip;\n","protected":false},"author":2,"featured_media":114144,"comment_status":"","ping_status":"","sticky":false,"template":"","format":"standard","meta":{"footnotes":""},"categories":[145],"tags":[211,210,114,115,5735,26783,32,33],"class_list":{"0":"post-115536","1":"post","2":"type-post","3":"status-publish","4":"format-standard","5":"has-post-thumbnail","7":"category-celebridades","8":"tag-celebridades","9":"tag-celebrities","10":"tag-entertainment","11":"tag-entretenimento","12":"tag-gracyanne-barbosa","13":"tag-joao-vicente","14":"tag-portugal","15":"tag-pt"},"share_on_mastodon":{"url":"","error":""},"_links":{"self":[{"href":"https:\/\/www.europesays.com\/pt\/wp-json\/wp\/v2\/posts\/115536","targetHints":{"allow":["GET"]}}],"collection":[{"href":"https:\/\/www.europesays.com\/pt\/wp-json\/wp\/v2\/posts"}],"about":[{"href":"https:\/\/www.europesays.com\/pt\/wp-json\/wp\/v2\/types\/post"}],"author":[{"embeddable":true,"href":"https:\/\/www.europesays.com\/pt\/wp-json\/wp\/v2\/users\/2"}],"replies":[{"embeddable":true,"href":"https:\/\/www.europesays.com\/pt\/wp-json\/wp\/v2\/comments?post=115536"}],"version-history":[{"count":0,"href":"https:\/\/www.europesays.com\/pt\/wp-json\/wp\/v2\/posts\/115536\/revisions"}],"wp:featuredmedia":[{"embeddable":true,"href":"https:\/\/www.europesays.com\/pt\/wp-json\/wp\/v2\/media\/114144"}],"wp:attachment":[{"href":"https:\/\/www.europesays.com\/pt\/wp-json\/wp\/v2\/media?parent=115536"}],"wp:term":[{"taxonomy":"category","embeddable":true,"href":"https:\/\/www.europesays.com\/pt\/wp-json\/wp\/v2\/categories?post=115536"},{"taxonomy":"post_tag","embeddable":true,"href":"https:\/\/www.europesays.com\/pt\/wp-json\/wp\/v2\/tags?post=115536"}],"curies":[{"name":"wp","href":"https:\/\/api.w.org\/{rel}","templated":true}]}}