{"id":115537,"date":"2025-10-18T05:04:15","date_gmt":"2025-10-18T05:04:15","guid":{"rendered":"https:\/\/www.europesays.com\/pt\/115537\/"},"modified":"2025-10-18T05:04:15","modified_gmt":"2025-10-18T05:04:15","slug":"terra-forte-a-personagem-de-joao-catarre-corre-o-risco-de-perder-o-amor-da-sua-vida-novelas","status":"publish","type":"post","link":"https:\/\/www.europesays.com\/pt\/115537\/","title":{"rendered":"\u00abTerra Forte\u00bb: A personagem de Jo\u00e3o Catarr\u00e9 corre o risco de perder o amor da sua vida &#8211; Novelas"},"content":{"rendered":"<p>Homem simples e pescador de profiss\u00e3o,<strong> Ant\u00f3nio (Jo\u00e3o Catarr\u00e9)<\/strong> \u00e9 bondoso e sempre pronto a ajudar \u2014 podemos dizer que tem o cora\u00e7\u00e3o maior que o mar. Resgatou Flor (Benedita Pereira) em pleno oceano e, a partir da\u00ed, tornou-se o seu maior apoio. Sempre a incentivou a ser honesta com as filhas e a contar-lhes a verdade sobre o seu passado.<\/p>\n<p>No entanto, as boas inten\u00e7\u00f5es de Ant\u00f3nio acabam por ter um efeito inesperado e, quando Sammy (Jos\u00e9 Fidalgo) chega \u00e0 ilha, v\u00ea-se perante o risco de perder a mulher que ama<\/p>\n<p>\u00abTerra Forte\u00bb tem<strong>\u00a0estreia marcada para dia 20 de outubro<\/strong>, na sua TVI. Assinada por\u00a0<strong>Maria Jo\u00e3o Costa<\/strong>\u00a0e com um elenco de luxo, no qual se destacam\u00a0<strong><a href=\"https:\/\/tvi.iol.pt\/novelas\/fotos\/a-eterna-joana-de-morangos-com-acucar-veja-como-esta-agora\/67dc01b7d34ef72ee443a894\" wbo-id=\"49\" rel=\"nofollow noopener\" target=\"_blank\">Benedita Pereira<\/a><\/strong>,\u00a0<strong><a href=\"https:\/\/tvi.iol.pt\/novelas\/videos\/joao-catarre-recorda-problema-de-saude-grave-a-vida-ganha-outros-contornos\/67f3d4cc0cf28cf88767e1e7\" wbo-id=\"50\" rel=\"nofollow noopener\" target=\"_blank\">Jo\u00e3o Catarr\u00e9<\/a><\/strong>,\u00a0<strong><a href=\"https:\/\/tvi.iol.pt\/novelas\/queridos-papas\/jose-fidalgo\/jose-fidalgo-responde-a-questoes-inusitadas-tem-tudo-para-ser-a-minha-mulher-ideal\" wbo-id=\"51\" rel=\"nofollow noopener\" target=\"_blank\">Jos\u00e9 Fidalgo<\/a><\/strong>,<strong>\u00a0<a href=\"https:\/\/tvi.iol.pt\/novelas\/rita-pereira\/terra-forte\/terra-forte-vila-ou-boazinha-rita-pereira-revela-em-primeira-mao-detalhes-da-sua-personagem\" wbo-id=\"52\" rel=\"nofollow noopener\" target=\"_blank\">Rita Pereira<\/a><\/strong>,\u00a0<strong>Cust\u00f3dia Gallego, Jos\u00e9 Wallenstein, Ricardo Carri\u00e7o, Sofia Nicholson<\/strong>\u00a0entre outros nomes bem conhecidos dos telespectadores, esta novela promete deixar tudo e todos colados ao ecr\u00e3.<\/p>\n<p>\u00a0<\/p>\n","protected":false},"excerpt":{"rendered":"Homem simples e pescador de profiss\u00e3o, Ant\u00f3nio (Jo\u00e3o Catarr\u00e9) \u00e9 bondoso e sempre pronto a ajudar \u2014 podemos&hellip;\n","protected":false},"author":2,"featured_media":115538,"comment_status":"","ping_status":"","sticky":false,"template":"","format":"standard","meta":{"footnotes":""},"categories":[142],"tags":[160,27121,166,114,115,4734,157,167,2727,164,161,158,165,159,32,33,156,18614,163,151,162],"class_list":{"0":"post-115537","1":"post","2":"type-post","3":"status-publish","4":"format-standard","5":"has-post-thumbnail","7":"category-tv","8":"tag-ana-guiomar","9":"tag-antonio","10":"tag-cristina-ferreira","11":"tag-entertainment","12":"tag-entretenimento","13":"tag-estreia","14":"tag-festa-e-festa","15":"tag-ficcao","16":"tag-joao-catarre","17":"tag-jose-fidalgo","18":"tag-novelas","19":"tag-para-sempre","20":"tag-pedro-sousa","21":"tag-pedro-teixeira","22":"tag-portugal","23":"tag-pt","24":"tag-queridos-papas","25":"tag-terra-forte","26":"tag-tiago-teotonio-pereira","27":"tag-tv","28":"tag-tvi"},"share_on_mastodon":{"url":"","error":""},"_links":{"self":[{"href":"https:\/\/www.europesays.com\/pt\/wp-json\/wp\/v2\/posts\/115537","targetHints":{"allow":["GET"]}}],"collection":[{"href":"https:\/\/www.europesays.com\/pt\/wp-json\/wp\/v2\/posts"}],"about":[{"href":"https:\/\/www.europesays.com\/pt\/wp-json\/wp\/v2\/types\/post"}],"author":[{"embeddable":true,"href":"https:\/\/www.europesays.com\/pt\/wp-json\/wp\/v2\/users\/2"}],"replies":[{"embeddable":true,"href":"https:\/\/www.europesays.com\/pt\/wp-json\/wp\/v2\/comments?post=115537"}],"version-history":[{"count":0,"href":"https:\/\/www.europesays.com\/pt\/wp-json\/wp\/v2\/posts\/115537\/revisions"}],"wp:featuredmedia":[{"embeddable":true,"href":"https:\/\/www.europesays.com\/pt\/wp-json\/wp\/v2\/media\/115538"}],"wp:attachment":[{"href":"https:\/\/www.europesays.com\/pt\/wp-json\/wp\/v2\/media?parent=115537"}],"wp:term":[{"taxonomy":"category","embeddable":true,"href":"https:\/\/www.europesays.com\/pt\/wp-json\/wp\/v2\/categories?post=115537"},{"taxonomy":"post_tag","embeddable":true,"href":"https:\/\/www.europesays.com\/pt\/wp-json\/wp\/v2\/tags?post=115537"}],"curies":[{"name":"wp","href":"https:\/\/api.w.org\/{rel}","templated":true}]}}