{"id":115551,"date":"2025-10-18T05:41:16","date_gmt":"2025-10-18T05:41:16","guid":{"rendered":"https:\/\/www.europesays.com\/pt\/115551\/"},"modified":"2025-10-18T05:41:16","modified_gmt":"2025-10-18T05:41:16","slug":"sindicato-quer-inquerito-sobre-viatura-medica-impedida-de-prestar-socorro-no-elevador-da-gloria","status":"publish","type":"post","link":"https:\/\/www.europesays.com\/pt\/115551\/","title":{"rendered":"Sindicato quer inqu\u00e9rito sobre viatura m\u00e9dica impedida de prestar socorro no Elevador da Gl\u00f3ria"},"content":{"rendered":"<p>&#8220;Solicitaremos de imediato ao presidente do INEM um inqu\u00e9rito para apurar as circunst\u00e2ncias do sucedido&#8221;, adiantou esta sexta-feira o presidente do sindicato \u00e0 Lusa, na sequ\u00eancia da not\u00edcia do &#8220;Expresso&#8221; que revela que a &#8220;viatura de emerg\u00eancia m\u00e9dica do Santa Maria ficou trancada por dentro e falhou o socorro ao acidente com o Elevador da Gl\u00f3ria&#8221;, que ocorreu em 3 de setembro, em Lisboa.<\/p>\n<p data-remotead-prev-elm=\"true\" data-remotead-elm-id=\"inread\">Segundo o jornal, a viatura &#8220;n\u00e3o respondeu ao INEM porque foi trancada por dentro e a chave suplente estava no Algarve&#8221;.<\/p>\n<p>&#8220;\u00c9 inaceit\u00e1vel que um meio de emerg\u00eancia m\u00e9dica n\u00e3o acorra a uma emerg\u00eancia por inacessibilidade \u00e0 chave da viatura&#8221;, salientou o presidente do Sindicato dos T\u00e9cnicos de Emerg\u00eancia Pr\u00e9-Hospitalar (STEPH).<\/p>\n<p data-remotead-prev-elm=\"true\" data-remotead-elm-id=\"centro1\">Rui L\u00e1zaro adiantou que importa apurar se foi uma &#8220;avaria ou neglig\u00eancia que levou a que a viatura ficasse trancada com a chave l\u00e1 dentro&#8221;, mas tamb\u00e9m as raz\u00f5es de a chave suplente &#8220;n\u00e3o ter acompanhado a viatura para a base onde foi servir&#8221;.<\/p>\n<p>&#8220;A inexist\u00eancia de procedimentos que visem impedir casos como este \u00e9 negligenciar a resposta aos cidad\u00e3os, o que n\u00e3o podemos admitir&#8221;, real\u00e7ou o dirigente sindical.<\/p>\n<p data-remotead-prev-elm=\"true\" data-remotead-elm-id=\"centro2\">O descarrilamento do Elevador da Gl\u00f3ria, sob gest\u00e3o da Carris, provocou 16 mortos e cerca de duas dezenas de feridos, entre portugueses e estrangeiros de v\u00e1rias nacionalidades.<\/p>\n","protected":false},"excerpt":{"rendered":"&#8220;Solicitaremos de imediato ao presidente do INEM um inqu\u00e9rito para apurar as circunst\u00e2ncias do sucedido&#8221;, adiantou esta sexta-feira&hellip;\n","protected":false},"author":2,"featured_media":115552,"comment_status":"","ping_status":"","sticky":false,"template":"","format":"standard","meta":{"footnotes":""},"categories":[10],"tags":[27,28,21113,16269,15,16,14,7923,25,26,21,22,12,13,19,20,32,23,24,33,17,18,29,30,31],"class_list":{"0":"post-115551","1":"post","2":"type-post","3":"status-publish","4":"format-standard","5":"has-post-thumbnail","7":"category-portugal","8":"tag-breaking-news","9":"tag-breakingnews","10":"tag-concelho-lisboa","11":"tag-elevador-da-gloria","12":"tag-featured-news","13":"tag-featurednews","14":"tag-headlines","15":"tag-inem","16":"tag-latest-news","17":"tag-latestnews","18":"tag-main-news","19":"tag-mainnews","20":"tag-news","21":"tag-noticias","22":"tag-noticias-principais","23":"tag-noticiasprincipais","24":"tag-portugal","25":"tag-principais-noticias","26":"tag-principaisnoticias","27":"tag-pt","28":"tag-top-stories","29":"tag-topstories","30":"tag-ultimas","31":"tag-ultimas-noticias","32":"tag-ultimasnoticias"},"share_on_mastodon":{"url":"","error":""},"_links":{"self":[{"href":"https:\/\/www.europesays.com\/pt\/wp-json\/wp\/v2\/posts\/115551","targetHints":{"allow":["GET"]}}],"collection":[{"href":"https:\/\/www.europesays.com\/pt\/wp-json\/wp\/v2\/posts"}],"about":[{"href":"https:\/\/www.europesays.com\/pt\/wp-json\/wp\/v2\/types\/post"}],"author":[{"embeddable":true,"href":"https:\/\/www.europesays.com\/pt\/wp-json\/wp\/v2\/users\/2"}],"replies":[{"embeddable":true,"href":"https:\/\/www.europesays.com\/pt\/wp-json\/wp\/v2\/comments?post=115551"}],"version-history":[{"count":0,"href":"https:\/\/www.europesays.com\/pt\/wp-json\/wp\/v2\/posts\/115551\/revisions"}],"wp:featuredmedia":[{"embeddable":true,"href":"https:\/\/www.europesays.com\/pt\/wp-json\/wp\/v2\/media\/115552"}],"wp:attachment":[{"href":"https:\/\/www.europesays.com\/pt\/wp-json\/wp\/v2\/media?parent=115551"}],"wp:term":[{"taxonomy":"category","embeddable":true,"href":"https:\/\/www.europesays.com\/pt\/wp-json\/wp\/v2\/categories?post=115551"},{"taxonomy":"post_tag","embeddable":true,"href":"https:\/\/www.europesays.com\/pt\/wp-json\/wp\/v2\/tags?post=115551"}],"curies":[{"name":"wp","href":"https:\/\/api.w.org\/{rel}","templated":true}]}}