{"id":115553,"date":"2025-10-18T05:42:11","date_gmt":"2025-10-18T05:42:11","guid":{"rendered":"https:\/\/www.europesays.com\/pt\/115553\/"},"modified":"2025-10-18T05:42:11","modified_gmt":"2025-10-18T05:42:11","slug":"espanha-capitaes-ameacam-deixar-de-jogar-em-protesto-contra-o-plano-miami","status":"publish","type":"post","link":"https:\/\/www.europesays.com\/pt\/115553\/","title":{"rendered":"Espanha: capit\u00e3es amea\u00e7am deixar de jogar em protesto contra o Plano Miami"},"content":{"rendered":"<p>Os capit\u00e3es das equipas espanholas de La Liga est\u00e3o a considerar, com o apoio do Sindicato de Jogadores, n\u00e3o jogar nos segundos iniciais de cada partida, como j\u00e1 aconteceu esta sexta-feira, no in\u00edcio do Oviedo-Espanhol, como forma de protesto contra o chamado Plano Miami que prev\u00ea a realiza\u00e7\u00e3o de jogos do campeonato espanhol no estrangeiro.<\/p>\n<p>Os jogadores dizem que n\u00e3o foram ouvidos sobre este projeto que vai arrancar com um duelo entre o Villarreal e o Barcelona em Miami, nos Estados Unidos, e queixam-se ainda de falta de \u00abtranspar\u00eancia\u00bb e de \u00abdi\u00e1logo\u00bb da parte da LaLiga.<\/p>\n<p>Inicialmente, chegou-se a falar numa poss\u00edvel greve, da parte dos jogadores, mas depois chegou-se ao consenso de n\u00e3o se jogar apenas os primeiros 30 segundos de cada jogo da 9.\u00aa jornada, embora no caso desta sexta-feira, em Oviedo, os jogadores n\u00e3o tenham parado apenas nos primeiros dez segundos.<\/p>\n<p>O sindicato de jogadores espanh\u00f3is pediu ainda que fosse interrompida a venda de bilhetes para o Villarreal-Barcelona, o tal jogo marcado para Miami (20 de dezembro), at\u00e9 os capit\u00e3es serem ouvidos pela Liga.<\/p>\n<p>O protesto vai estender-se a todos os jogos da 9.\u00aa jornada, com exce\u00e7\u00e3o dos jogos do Villarreal e do Barcelona, j\u00e1 inclu\u00eddos no Plano Miami, apesar dos dois clubes terem manifestado solidariedade com o protesto.<\/p>\n<p>\u00abFace \u00e0s muitas respostas negativas e \u00e0s propostas quim\u00e9ricas da LaLiga, o Sindicato de Jogadores Espanh\u00f3is reprova de forma rotunda um projeto que n\u00e3o conta com a aprova\u00e7\u00e3o dos protagonistas principais do nosso desporto e exige ao patronato a cria\u00e7\u00e3o de uma mesa negocial em que seja compartilhada toda a informa\u00e7\u00e3o e se analisem as caracter\u00edsticas excecionais do projeto; e se responda \u00e0s \u00b4preocupa\u00e7\u00f5es e necessidades dos futebolistas; e se garanta tamb\u00e9m a prote\u00e7\u00e3o dos seus direitos laborais\u00bb, refere uma nota do sindicato.<\/p>\n<p>As rela\u00e7\u00f5es entre La Liga e o Sindicato de Jogadores est\u00e3o no ponto mais tenso dos \u00faltimos anos, com diverg\u00eancias em rela\u00e7\u00e3o ao calend\u00e1rio de jogos, \u00e0 falta de descanso entre os jogos e, por \u00faltimo, em rela\u00e7\u00e3o \u00e0 falta de informa\u00e7\u00e3o do denominado Plano Miami.<\/p>\n<p>Em rela\u00e7\u00e3o ao protesto desta sexta-feira, no in\u00edcio do jogo entre o Oviedo e o Espanhol, a Liga decidiu n\u00e3o transmitir os primeiros 25 segundos do jogo, de forma a n\u00e3o promover o protesto que, no entanto, dever\u00e1 repetir-se nos jogos deste s\u00e1bado.<\/p>\n<p>No final, o Espanhol saiu vencedor por <a href=\"https:\/\/maisfutebol.iol.pt\/jogo\/real-oviedo\/espanyol\/13827113\" rel=\"nofollow noopener\" target=\"_blank\">2-0<\/a>.\u00a0Kike Garc\u00eda (70m) e\u00a0Pere Milla (82m) fizeram os golos do triunfo.\u00a0<\/p>\n<p>[Artigo atualizado \u00e0s 23:12]<\/p>\n<blockquote class=\"twitter-tweet\">\n<p lang=\"en\">\ud83d\udea8 SCANDAL! \ud83e\udd2f<\/p>\n<p>Real Oviedo and Espanyol players decided not to play for the first 30 seconds of the game today as a sign of protest against the Villarreal vs. Barcelona game being played in Miami\u2026 \ud83c\uddfa\ud83c\uddf8<\/p>\n<p>La Liga decided NOT to broadcast those moments of the match. \ud83d\ude2c <a href=\"https:\/\/t.co\/4hV5DS1BMZ\" rel=\"nofollow\">pic.twitter.com\/4hV5DS1BMZ<\/a><\/p>\n<p> \u2014 Polymarket FC (@PolymarketFC)<br \/>\n  <a href=\"https:\/\/twitter.com\/PolymarketFC\/status\/1979276060085887266?ref_src=twsrc%5Etfw\" rel=\"nofollow noopener\" target=\"_blank\">October 17, 2025<\/a>\n <\/p><\/blockquote>\n<p>                                <script async src=\"https:\/\/platform.twitter.com\/widgets.js\" charset=\"utf-8\"><\/script><\/p>\n","protected":false},"excerpt":{"rendered":"Os capit\u00e3es das equipas espanholas de La Liga est\u00e3o a considerar, com o apoio do Sindicato de Jogadores,&hellip;\n","protected":false},"author":2,"featured_media":115554,"comment_status":"","ping_status":"","sticky":false,"template":"","format":"standard","meta":{"footnotes":""},"categories":[8],"tags":[27,28,640,5861,15,16,1322,14,82,25,26,21,22,46,12,13,19,20,13872,32,23,24,9780,33,47,17,18,29,30,31],"class_list":{"0":"post-115553","1":"post","2":"type-post","3":"status-publish","4":"format-standard","5":"has-post-thumbnail","7":"category-principais-noticias","8":"tag-breaking-news","9":"tag-breakingnews","10":"tag-espanha","11":"tag-espanhol","12":"tag-featured-news","13":"tag-featurednews","14":"tag-greve","15":"tag-headlines","16":"tag-internacional","17":"tag-latest-news","18":"tag-latestnews","19":"tag-main-news","20":"tag-mainnews","21":"tag-maisfutebol","22":"tag-news","23":"tag-noticias","24":"tag-noticias-principais","25":"tag-noticiasprincipais","26":"tag-oviedo","27":"tag-portugal","28":"tag-principais-noticias","29":"tag-principaisnoticias","30":"tag-protesto","31":"tag-pt","32":"tag-pura-paixao","33":"tag-top-stories","34":"tag-topstories","35":"tag-ultimas","36":"tag-ultimas-noticias","37":"tag-ultimasnoticias"},"share_on_mastodon":{"url":"","error":""},"_links":{"self":[{"href":"https:\/\/www.europesays.com\/pt\/wp-json\/wp\/v2\/posts\/115553","targetHints":{"allow":["GET"]}}],"collection":[{"href":"https:\/\/www.europesays.com\/pt\/wp-json\/wp\/v2\/posts"}],"about":[{"href":"https:\/\/www.europesays.com\/pt\/wp-json\/wp\/v2\/types\/post"}],"author":[{"embeddable":true,"href":"https:\/\/www.europesays.com\/pt\/wp-json\/wp\/v2\/users\/2"}],"replies":[{"embeddable":true,"href":"https:\/\/www.europesays.com\/pt\/wp-json\/wp\/v2\/comments?post=115553"}],"version-history":[{"count":0,"href":"https:\/\/www.europesays.com\/pt\/wp-json\/wp\/v2\/posts\/115553\/revisions"}],"wp:featuredmedia":[{"embeddable":true,"href":"https:\/\/www.europesays.com\/pt\/wp-json\/wp\/v2\/media\/115554"}],"wp:attachment":[{"href":"https:\/\/www.europesays.com\/pt\/wp-json\/wp\/v2\/media?parent=115553"}],"wp:term":[{"taxonomy":"category","embeddable":true,"href":"https:\/\/www.europesays.com\/pt\/wp-json\/wp\/v2\/categories?post=115553"},{"taxonomy":"post_tag","embeddable":true,"href":"https:\/\/www.europesays.com\/pt\/wp-json\/wp\/v2\/tags?post=115553"}],"curies":[{"name":"wp","href":"https:\/\/api.w.org\/{rel}","templated":true}]}}