{"id":115557,"date":"2025-10-18T05:45:32","date_gmt":"2025-10-18T05:45:32","guid":{"rendered":"https:\/\/www.europesays.com\/pt\/115557\/"},"modified":"2025-10-18T05:45:32","modified_gmt":"2025-10-18T05:45:32","slug":"lucia-eneida-lanca-muito-alem-do-espelho-na-pinacoteca","status":"publish","type":"post","link":"https:\/\/www.europesays.com\/pt\/115557\/","title":{"rendered":"L\u00facia Eneida lan\u00e7a \u201cMuito Al\u00e9m do Espelho\u201d na Pinacoteca"},"content":{"rendered":"<p>A escritora potiguar L\u00facia Eneida lan\u00e7a nesta quinta-feira (17) o livro \u201cMuito Al\u00e9m do Espelho\u201d, uma novela rom\u00e2ntica que atravessa meio s\u00e9culo da vida cultural de Natal, refletindo as transforma\u00e7\u00f5es da cidade e o papel das mulheres nesse percurso. O lan\u00e7amento acontece a partir das 17h, no Pal\u00e1cio da Cultura (Pinacoteca de Natal), com apresenta\u00e7\u00e3o musical da cantora Amanda Mathilde.<\/p>\n<p>Depois do sucesso de Ba\u00eda, biografia da educadora Maria Queiroz Ba\u00eda, L\u00facia Eneida retorna \u00e0 fic\u00e7\u00e3o com uma obra feminina e feminista, protagonizada por uma mulher escritora.<\/p>\n<blockquote class=\"wp-block-quote is-layout-flow wp-block-quote-is-layout-flow\">\n<p>\u201c\u00c9 um livro feito por mulher, dirigido \u00e0s mulheres e que homenageia as poetas potiguares\u201d, destaca a autora.<\/p>\n<\/blockquote>\n<p>Cada cap\u00edtulo \u00e9 aberto por um poema de uma escritora do Rio Grande do Norte, num gesto de rever\u00eancia \u00e0 literatura local. O livro tem apresenta\u00e7\u00e3o de Anchella Monte e <strong>pref\u00e1cio de Ad\u00e9lia Costa<\/strong>, ambas tamb\u00e9m escritoras potiguares, e foi publicado pelo Selo Editorial da Sociedade dos Poetas Vivos e Afins (SPVA-RN).<\/p>\n<p>Entre fic\u00e7\u00e3o e mem\u00f3ria, Muito Al\u00e9m do Espelho conduz o leitor por paisagens simb\u00f3licas da capital potiguar, passando pela cria\u00e7\u00e3o da TELERN, o Grande Ponto, as escolas e livrarias que marcaram gera\u00e7\u00f5es. A obra retrata ainda a ascens\u00e3o cultural de Natal, a import\u00e2ncia da leitura e da educa\u00e7\u00e3o, o combate ao etarismo e o amor como fio condutor da narrativa.<\/p>\n<p>Durante o evento de lan\u00e7amento, a cantora Amanda Mathilde vai interpretar m\u00fasicas mencionadas na trama, criando uma atmosfera que mistura literatura, mem\u00f3ria e afeto.<\/p>\n<p>Sobre a autora<\/p>\n<p>L\u00facia Eneida Ferreira \u00e9 escritora, poeta, atriz e militante feminista. Integra a gest\u00e3o da SPVA-RN e participa do Mulherio das Letras, da Uni\u00e3o Brasileira de Escritores (UBE) e da Academia de Letras e Artes do Nordeste Potiguar (ALAMP). \u00c9 autora de livros de contos, poesia, literatura infantil e da biografia Maria Queiroz Ba\u00eda. Como atriz, atua no grupo Boca de Cena, que apresentou, em junho de 2024, o espet\u00e1culo Bonita \u2013 O amor de Lampi\u00e3o no Teatro Alberto Maranh\u00e3o.<\/p>\n<p><strong>Servi\u00e7o<\/strong><\/p>\n<p><strong>Lan\u00e7amento de \u201cMuito Al\u00e9m do Espelho\u201d<\/strong><br \/><strong>Pal\u00e1cio da Cultura (Pinacoteca de Natal)<\/strong> \u2013 Pra\u00e7a Sete de Setembro, Cidade Alta<br \/><strong>Sexta, 17 de outubro<\/strong>, a partir das <strong>17h<\/strong><br \/><strong>Atra\u00e7\u00e3o musical:<\/strong> Amanda Mathilde<br \/><strong>Arte da capa:<\/strong> Jos\u00e9 \u00c1glio<\/p>\n","protected":false},"excerpt":{"rendered":"A escritora potiguar L\u00facia Eneida lan\u00e7a nesta quinta-feira (17) o livro \u201cMuito Al\u00e9m do Espelho\u201d, uma novela rom\u00e2ntica&hellip;\n","protected":false},"author":2,"featured_media":115558,"comment_status":"","ping_status":"","sticky":false,"template":"","format":"standard","meta":{"footnotes":""},"categories":[143],"tags":[169,114,115,170,32,33],"class_list":{"0":"post-115557","1":"post","2":"type-post","3":"status-publish","4":"format-standard","5":"has-post-thumbnail","7":"category-livros","8":"tag-books","9":"tag-entertainment","10":"tag-entretenimento","11":"tag-livros","12":"tag-portugal","13":"tag-pt"},"share_on_mastodon":{"url":"","error":""},"_links":{"self":[{"href":"https:\/\/www.europesays.com\/pt\/wp-json\/wp\/v2\/posts\/115557","targetHints":{"allow":["GET"]}}],"collection":[{"href":"https:\/\/www.europesays.com\/pt\/wp-json\/wp\/v2\/posts"}],"about":[{"href":"https:\/\/www.europesays.com\/pt\/wp-json\/wp\/v2\/types\/post"}],"author":[{"embeddable":true,"href":"https:\/\/www.europesays.com\/pt\/wp-json\/wp\/v2\/users\/2"}],"replies":[{"embeddable":true,"href":"https:\/\/www.europesays.com\/pt\/wp-json\/wp\/v2\/comments?post=115557"}],"version-history":[{"count":0,"href":"https:\/\/www.europesays.com\/pt\/wp-json\/wp\/v2\/posts\/115557\/revisions"}],"wp:featuredmedia":[{"embeddable":true,"href":"https:\/\/www.europesays.com\/pt\/wp-json\/wp\/v2\/media\/115558"}],"wp:attachment":[{"href":"https:\/\/www.europesays.com\/pt\/wp-json\/wp\/v2\/media?parent=115557"}],"wp:term":[{"taxonomy":"category","embeddable":true,"href":"https:\/\/www.europesays.com\/pt\/wp-json\/wp\/v2\/categories?post=115557"},{"taxonomy":"post_tag","embeddable":true,"href":"https:\/\/www.europesays.com\/pt\/wp-json\/wp\/v2\/tags?post=115557"}],"curies":[{"name":"wp","href":"https:\/\/api.w.org\/{rel}","templated":true}]}}