{"id":115561,"date":"2025-10-18T05:55:40","date_gmt":"2025-10-18T05:55:40","guid":{"rendered":"https:\/\/www.europesays.com\/pt\/115561\/"},"modified":"2025-10-18T05:55:40","modified_gmt":"2025-10-18T05:55:40","slug":"mais-de-uma-centena-de-policias-protestam-em-lisboa-para-exigir-melhores-salarios","status":"publish","type":"post","link":"https:\/\/www.europesays.com\/pt\/115561\/","title":{"rendered":"Mais de uma centena de pol\u00edcias protestam em Lisboa para exigir melhores sal\u00e1rios"},"content":{"rendered":"<p>Mais de uma centena de pol\u00edcias protestam hoje em Lisboa para exigir sal\u00e1rios mais altos, revis\u00e3o dos suplementos e o fim das restri\u00e7\u00f5es \u00e0 entrada na pr\u00e9-aposenta\u00e7\u00e3o, pedindo para que \u201cn\u00e3o continuem a ser discriminados negativamente\u201d.<\/p>\n<p>O protesto \u00e9 organizado pelo Sindicato dos Profissionais da Pol\u00edcia (SPP), o segundo maior sindicato da PSP, mas vai contar com outras estruturas sindicais da pol\u00edcia, designadamente o Sindicato Nacional da Pol\u00edcia (Sinapol), o Sindicato Independente dos Agentes de Pol\u00edcia (SIAP), a Associa\u00e7\u00e3o Sindical Aut\u00f3noma de Pol\u00edcia (Asapol) e o Sindicato de Pol\u00edcia Pela Ordem e Liberdade (SPPOL), os dois \u00faltimos sem direito a negocia\u00e7\u00e3o com o Governo por falta de representatividade.<\/p>\n<p>Os pol\u00edcias est\u00e3o concentrados em frente \u00e0 dire\u00e7\u00e3o nacional da PSP, seguindo a partir das 18:00 para o Minist\u00e9rio da Administra\u00e7\u00e3o Interna (MAI), onde v\u00e3o entregar um caderno reivindicativo.<\/p>\n<p>No MAI v\u00e3o juntar-se aos policias elementos da Associa\u00e7\u00e3o Nacional dos Oficiais da Guarda (ANOG), que pela primeira vez participa num protesto.<\/p>\n<p>Gilberto Alves, presidente adjunto do SPP, disse \u00e0 Lusa que o protesto tem \u201ctr\u00eas pontos fundamentais\u201d, designadamente o ordenado base, os suplementos, que n\u00e3o s\u00e3o revistos desde 2010, e pr\u00e9-aposenta\u00e7\u00e3o.<\/p>\n<p>\u201cO Governo est\u00e1 a travar a sa\u00edda dos policias para a pr\u00e9-aposenta\u00e7\u00e3o\u201d, afirmou Gilberto Alves, lamentando que estes temas n\u00e3o estejam inclu\u00eddos no Or\u00e7amento do Estado para 2026 e que a ministra ainda \u201cn\u00e3o tenha falado sobre este problema\u201d.<\/p>\n<p>Tiago Fernandes, vice-presidente do Sinapol, disse \u00e0 Lusa que o sindicato est\u00e1 presente neste protesto por ser altura \u201cde sair \u00e0 rua para instar o Governo a iniciar negocia\u00e7\u00f5es e n\u00e3o conversa\u00e7\u00f5es\u201d.<\/p>\n<p>Para o dirigente do Sinapol, o Governo j\u00e1 devia ter entregado um documento aos sindicatos com uma proposta sobre o que pretende para a pol\u00edcia.<\/p>\n","protected":false},"excerpt":{"rendered":"Mais de uma centena de pol\u00edcias protestam hoje em Lisboa para exigir sal\u00e1rios mais altos, revis\u00e3o dos suplementos&hellip;\n","protected":false},"author":2,"featured_media":95915,"comment_status":"","ping_status":"","sticky":false,"template":"","format":"standard","meta":{"footnotes":""},"categories":[10],"tags":[27,28,15,16,14,25,26,21,22,12,13,19,20,32,23,24,33,17,18,29,30,31],"class_list":{"0":"post-115561","1":"post","2":"type-post","3":"status-publish","4":"format-standard","5":"has-post-thumbnail","7":"category-portugal","8":"tag-breaking-news","9":"tag-breakingnews","10":"tag-featured-news","11":"tag-featurednews","12":"tag-headlines","13":"tag-latest-news","14":"tag-latestnews","15":"tag-main-news","16":"tag-mainnews","17":"tag-news","18":"tag-noticias","19":"tag-noticias-principais","20":"tag-noticiasprincipais","21":"tag-portugal","22":"tag-principais-noticias","23":"tag-principaisnoticias","24":"tag-pt","25":"tag-top-stories","26":"tag-topstories","27":"tag-ultimas","28":"tag-ultimas-noticias","29":"tag-ultimasnoticias"},"share_on_mastodon":{"url":"","error":""},"_links":{"self":[{"href":"https:\/\/www.europesays.com\/pt\/wp-json\/wp\/v2\/posts\/115561","targetHints":{"allow":["GET"]}}],"collection":[{"href":"https:\/\/www.europesays.com\/pt\/wp-json\/wp\/v2\/posts"}],"about":[{"href":"https:\/\/www.europesays.com\/pt\/wp-json\/wp\/v2\/types\/post"}],"author":[{"embeddable":true,"href":"https:\/\/www.europesays.com\/pt\/wp-json\/wp\/v2\/users\/2"}],"replies":[{"embeddable":true,"href":"https:\/\/www.europesays.com\/pt\/wp-json\/wp\/v2\/comments?post=115561"}],"version-history":[{"count":0,"href":"https:\/\/www.europesays.com\/pt\/wp-json\/wp\/v2\/posts\/115561\/revisions"}],"wp:featuredmedia":[{"embeddable":true,"href":"https:\/\/www.europesays.com\/pt\/wp-json\/wp\/v2\/media\/95915"}],"wp:attachment":[{"href":"https:\/\/www.europesays.com\/pt\/wp-json\/wp\/v2\/media?parent=115561"}],"wp:term":[{"taxonomy":"category","embeddable":true,"href":"https:\/\/www.europesays.com\/pt\/wp-json\/wp\/v2\/categories?post=115561"},{"taxonomy":"post_tag","embeddable":true,"href":"https:\/\/www.europesays.com\/pt\/wp-json\/wp\/v2\/tags?post=115561"}],"curies":[{"name":"wp","href":"https:\/\/api.w.org\/{rel}","templated":true}]}}