{"id":115562,"date":"2025-10-18T05:56:32","date_gmt":"2025-10-18T05:56:32","guid":{"rendered":"https:\/\/www.europesays.com\/pt\/115562\/"},"modified":"2025-10-18T05:56:32","modified_gmt":"2025-10-18T05:56:32","slug":"morreu-ace-frehley-dos-kiss-3","status":"publish","type":"post","link":"https:\/\/www.europesays.com\/pt\/115562\/","title":{"rendered":"Morreu Ace Frehley, dos KISS"},"content":{"rendered":"<p>Ace Frehley, o guitarrista fundador dos KISS, faleceu esta quinta-feira. Contava 74 anos.<\/p>\n<p>Em comunicado emitido pela fam\u00edlia do m\u00fasico e citado pela \u201cBillboard\u201d pode ler-se: &#8220;Estamos competamente arrasados \u200b\u200be de cora\u00e7\u00e3o partido. Valorizamos todas as suas melhores mem\u00f3rias, o seu riso e celebramos as suas virtudes e a bondade com que presenteou os demais. A magnitude de sua morte \u00e9 de propor\u00e7\u00f5es \u00e9picas e est\u00e1 para l\u00e1 da compreens\u00e3o. As suas incr\u00edveis conquistas na vida e a mem\u00f3ria de Ace continuar\u00e3o vivas para sempre!\u201d<\/p>\n<p>O site \u201cTMZ\u201d havia noticiado esta quinta-feira que Frehley estaria hospitalizado, ligado a m\u00e1quinas de suporte b\u00e1sico de vida na sequ\u00eancia de uma hemorragia cerebral provocada por uma queda em est\u00fadio, h\u00e1 algumas semanas.<\/p>\n<p>O m\u00fasico cancelou um espet\u00e1culo na Calif\u00f3rnia, tendo na altura o incidente sido descrito como menor e resultado numa \u201cida ao hospital\u201d. \u201cEle est\u00e1 bem, mas os m\u00e9dicos insistem que ele n\u00e3o viaje\u201d, foi comunicado nas redes sociais de Frehley. Duas semanas depois, todos os compromissos vindouros viriam a ser cancelados \u201cdevido \u00e0 persist\u00eancia de alguns problemas m\u00e9dicos\u201d.<\/p>\n<p>Frehley foi um elemento nuclear dos KISS desde a forma\u00e7\u00e3o da banda em 1973 at\u00e9 1982, data em que saiu do grupo. Voltaria em 1996, altura de uma reuni\u00e3o do grupo, tendo permanecido no mesmo at\u00e9 2002. Desde ent\u00e3o, apenas regressou em ocasi\u00f5es especiais.<\/p>\n<p>Foi na fase em que mais tempo se demorou na banda que os KISS obtiveram maior sucesso, gra\u00e7as a discos como \u201cLove Gun\u201d e \u201cAlive II\u201d, ambos de 1977, e \u201cDynasty\u201d, de 1979. No grupo, onde todos os membros respondiam tamb\u00e9m por um \u2018cognome\u2019, Ace Frehley era \u201cSpaceman\u201d ou \u201cSpace Ace\u201d.<\/p>\n<p>S\u00e3o poucas as can\u00e7\u00f5es dos KISS de sua autoria e por si interpretadas, comparativamente com o cat\u00e1logo de Paul Stanley ou Gene Simmons, sendo \u2018Shock Me\u2019, de 1977, um dos seus mais memor\u00e1veis temas no grupo.<\/p>\n<p>Frehley n\u00e3o participou nos dois concertos que os KISS deram em terras portuguesas, em 1983 no Dram\u00e1tico de Cascais e em 2018 no Parque dos Poetas, em Oeiras.<\/p>\n","protected":false},"excerpt":{"rendered":"Ace Frehley, o guitarrista fundador dos KISS, faleceu esta quinta-feira. Contava 74 anos. Em comunicado emitido pela fam\u00edlia&hellip;\n","protected":false},"author":2,"featured_media":115563,"comment_status":"","ping_status":"","sticky":false,"template":"","format":"standard","meta":{"footnotes":""},"categories":[8],"tags":[27,28,15,16,14,25,26,21,22,12,13,19,20,32,23,24,33,17,18,29,30,31],"class_list":{"0":"post-115562","1":"post","2":"type-post","3":"status-publish","4":"format-standard","5":"has-post-thumbnail","7":"category-principais-noticias","8":"tag-breaking-news","9":"tag-breakingnews","10":"tag-featured-news","11":"tag-featurednews","12":"tag-headlines","13":"tag-latest-news","14":"tag-latestnews","15":"tag-main-news","16":"tag-mainnews","17":"tag-news","18":"tag-noticias","19":"tag-noticias-principais","20":"tag-noticiasprincipais","21":"tag-portugal","22":"tag-principais-noticias","23":"tag-principaisnoticias","24":"tag-pt","25":"tag-top-stories","26":"tag-topstories","27":"tag-ultimas","28":"tag-ultimas-noticias","29":"tag-ultimasnoticias"},"share_on_mastodon":{"url":"","error":""},"_links":{"self":[{"href":"https:\/\/www.europesays.com\/pt\/wp-json\/wp\/v2\/posts\/115562","targetHints":{"allow":["GET"]}}],"collection":[{"href":"https:\/\/www.europesays.com\/pt\/wp-json\/wp\/v2\/posts"}],"about":[{"href":"https:\/\/www.europesays.com\/pt\/wp-json\/wp\/v2\/types\/post"}],"author":[{"embeddable":true,"href":"https:\/\/www.europesays.com\/pt\/wp-json\/wp\/v2\/users\/2"}],"replies":[{"embeddable":true,"href":"https:\/\/www.europesays.com\/pt\/wp-json\/wp\/v2\/comments?post=115562"}],"version-history":[{"count":0,"href":"https:\/\/www.europesays.com\/pt\/wp-json\/wp\/v2\/posts\/115562\/revisions"}],"wp:featuredmedia":[{"embeddable":true,"href":"https:\/\/www.europesays.com\/pt\/wp-json\/wp\/v2\/media\/115563"}],"wp:attachment":[{"href":"https:\/\/www.europesays.com\/pt\/wp-json\/wp\/v2\/media?parent=115562"}],"wp:term":[{"taxonomy":"category","embeddable":true,"href":"https:\/\/www.europesays.com\/pt\/wp-json\/wp\/v2\/categories?post=115562"},{"taxonomy":"post_tag","embeddable":true,"href":"https:\/\/www.europesays.com\/pt\/wp-json\/wp\/v2\/tags?post=115562"}],"curies":[{"name":"wp","href":"https:\/\/api.w.org\/{rel}","templated":true}]}}