{"id":115564,"date":"2025-10-18T05:57:08","date_gmt":"2025-10-18T05:57:08","guid":{"rendered":"https:\/\/www.europesays.com\/pt\/115564\/"},"modified":"2025-10-18T05:57:08","modified_gmt":"2025-10-18T05:57:08","slug":"tata-werneck-gera-climao-ao-cogitar-romance-entre-grazi-massafera-e-murilo-benicio","status":"publish","type":"post","link":"https:\/\/www.europesays.com\/pt\/115564\/","title":{"rendered":"Tat\u00e1 Werneck gera clim\u00e3o ao cogitar romance entre Grazi Massafera e Murilo Ben\u00edcio"},"content":{"rendered":"\n<p>Na noite desta quinta-feira (16),\u00a0Tat\u00e1 Werneck\u00a0participou da estreia do\u00a0Ang\u00e9lica Ao Vivo, novo programa do GNT. A humorista estava na companhia de\u00a0Murilo Ben\u00edcio\u00a0e\u00a0Grazi Massafera, que ser\u00e3o os vil\u00f5es de Tr\u00eas Gra\u00e7as, pr\u00f3xima novela das 21h.<\/p>\n<p>A comediante aproveitou a atra\u00e7\u00e3o de\u00a0Ang\u00e9lica, que era ao vivo, para fazer uma brincadeira.\u00a0\u201cMe desculpa, mas eu leio fofoca. Dou R$ 1 mil que daqui a seis meses voc\u00eas n\u00e3o est\u00e3o juntos\u201d, destacou a esposa de\u00a0Rafa Vitti.\u00a0\u201cN\u00f3s?\u201d, indagou Grazi, surpresa.<\/p>\n<p>\u201cA gente j\u00e1 est\u00e1 junto. A gente queria trazer isso para o programa\u201d, ironizou Murilo.\u00a0\u201cVoc\u00eas dois?! Gente! Shippou! Voc\u00ea shippou? Por que voc\u00ea acha isso?\u201d, questionou a esposa de\u00a0Luciano Huck, surpresa com a conversa.<\/p>\n<blockquote class=\"twitter-tweet\" data-media-max-width=\"560\">\n<p dir=\"ltr\" lang=\"pt\">Tat\u00e1: &#8220;Desculpa, mas eu leio fofoca. Eu dou mil reais pra Ang\u00e9lica se daqui 6 meses voc\u00eas n\u00e3o t\u00e3o juntos&#8221;<\/p>\n<p>Murilo Benicio: &#8220;a gente j\u00e1 est\u00e1 junto&#8221;<\/p>\n<p>A cara do Murilo jogando charme pra Grazi. Vem a\u00ed.. <a href=\"https:\/\/twitter.com\/hashtag\/Ang%C3%A9licaAoVivo?ref_src=twsrc%5Etfw&amp;src=hash\" rel=\"nofollow noopener\" target=\"_blank\">#Ang\u00e9licaAoVivo<\/a> <a href=\"https:\/\/t.co\/uFCzeAL3zQ\" rel=\"nofollow\">pic.twitter.com\/uFCzeAL3zQ<\/a><\/p>\n<p>&#13;<br \/>\n\u2014 Tiago Pereira (@Tiagupereira) <a href=\"https:\/\/twitter.com\/Tiagupereira\/status\/1979010878260301965?ref_src=twsrc%5Etfw\" rel=\"nofollow noopener\" target=\"_blank\">October 17, 2025<\/a><\/p><\/blockquote>\n<p><strong>T\u00c1 ROLANDO?<\/strong><\/p>\n<p>\u201cMurilo, a sua fama t\u00e1 assim agora?\u201d, brincou Massafera.\u00a0\u201cArminda e Ferette (nome dos personagens dos astros), gente. Olha que a Tat\u00e1 n\u00e3o bebeu nada, ela falou isso s\u00f3bria. Ela t\u00e1 s\u00f3bria\u201d, destacou Ang\u00e9lica.\u00a0\u201cDesculpa, gente, me arrependi\u201d, desconversou Werneck.\u00a0\u201cAi voc\u00ea me estraga\u201d, disse Grazi.\u00a0\u201cN\u00e3o adianta esconder\u201d, ironizou Ben\u00edcio.<\/p>\n<p><strong>MURILO BEN\u00cdCIO COMENTA PARCERIA COM GRAZI EM TR\u00caS GRA\u00c7AS<\/strong><\/p>\n<p>Entrevistado pelo Gshow, Murilo Ben\u00edcio falou sobre atuar com Grazi Massafera em Tr\u00eas Gra\u00e7as.\u00a0\u201cTem sido uma divers\u00e3o nossos encontros no set. Est\u00e1 uma del\u00edcia. Tudo \u00e9 motivo para risada, a gente se diverte muito\u201d, garantiu o famoso.<\/p>\n<p>\u201cA Arminda \u00e9 uma personagem solar, bem divertida, apesar de ser vil\u00e3. Ela vai fazer muito sucesso. \u00c9 a cara do brasileiro gostar\u201d, destacou o veterano. A atriz tamb\u00e9m foi s\u00f3 elogios ao falar sobre o colega do enredo das 21h de Aguinaldo Silva.<\/p>\n<p> <strong>ELOGIOS<\/strong>  <\/p>\n<p>\u201cQueria muito trabalhar com o Murilo. Acho ele genial, extremamente criativo, al\u00e9m de ser uma pessoa muito divertida e feliz no set. Se a gente est\u00e1 cansado, ele faz um deboche, uma piada que deixa tudo mais leve. O Murilo \u00e9 leveza e muito talento\u201d, enalteceu a\u00a0artista.<\/p>\n<p>  <script async src=\"https:\/\/platform.twitter.com\/widgets.js\" charset=\"utf-8\"><\/script><\/p>\n","protected":false},"excerpt":{"rendered":"Na noite desta quinta-feira (16),\u00a0Tat\u00e1 Werneck\u00a0participou da estreia do\u00a0Ang\u00e9lica Ao Vivo, novo programa do GNT. A humorista estava&hellip;\n","protected":false},"author":2,"featured_media":115565,"comment_status":"","ping_status":"","sticky":false,"template":"","format":"standard","meta":{"footnotes":""},"categories":[145],"tags":[211,210,114,115,741,1043,4375,2313,2931,32,3786,33,27124,1136,578],"class_list":{"0":"post-115564","1":"post","2":"type-post","3":"status-publish","4":"format-standard","5":"has-post-thumbnail","7":"category-celebridades","8":"tag-celebridades","9":"tag-celebrities","10":"tag-entertainment","11":"tag-entretenimento","12":"tag-entrevista","13":"tag-fofoca","14":"tag-grazi-massafera","15":"tag-murilo-benicio","16":"tag-novela","17":"tag-portugal","18":"tag-programa","19":"tag-pt","20":"tag-suposto-romance","21":"tag-tata-werneck","22":"tag-video"},"share_on_mastodon":{"url":"","error":""},"_links":{"self":[{"href":"https:\/\/www.europesays.com\/pt\/wp-json\/wp\/v2\/posts\/115564","targetHints":{"allow":["GET"]}}],"collection":[{"href":"https:\/\/www.europesays.com\/pt\/wp-json\/wp\/v2\/posts"}],"about":[{"href":"https:\/\/www.europesays.com\/pt\/wp-json\/wp\/v2\/types\/post"}],"author":[{"embeddable":true,"href":"https:\/\/www.europesays.com\/pt\/wp-json\/wp\/v2\/users\/2"}],"replies":[{"embeddable":true,"href":"https:\/\/www.europesays.com\/pt\/wp-json\/wp\/v2\/comments?post=115564"}],"version-history":[{"count":0,"href":"https:\/\/www.europesays.com\/pt\/wp-json\/wp\/v2\/posts\/115564\/revisions"}],"wp:featuredmedia":[{"embeddable":true,"href":"https:\/\/www.europesays.com\/pt\/wp-json\/wp\/v2\/media\/115565"}],"wp:attachment":[{"href":"https:\/\/www.europesays.com\/pt\/wp-json\/wp\/v2\/media?parent=115564"}],"wp:term":[{"taxonomy":"category","embeddable":true,"href":"https:\/\/www.europesays.com\/pt\/wp-json\/wp\/v2\/categories?post=115564"},{"taxonomy":"post_tag","embeddable":true,"href":"https:\/\/www.europesays.com\/pt\/wp-json\/wp\/v2\/tags?post=115564"}],"curies":[{"name":"wp","href":"https:\/\/api.w.org\/{rel}","templated":true}]}}