{"id":115568,"date":"2025-10-18T06:12:14","date_gmt":"2025-10-18T06:12:14","guid":{"rendered":"https:\/\/www.europesays.com\/pt\/115568\/"},"modified":"2025-10-18T06:12:14","modified_gmt":"2025-10-18T06:12:14","slug":"gominho-melhor-amigo-de-preta-gil-revela-internacao-no-hospital-pedras-do-caminho","status":"publish","type":"post","link":"https:\/\/www.europesays.com\/pt\/115568\/","title":{"rendered":"Gominho, melhor amigo de Preta Gil, revela interna\u00e7\u00e3o no hospital: &#8220;Pedras do caminho&#8221;"},"content":{"rendered":"<p>                            <img width=\"944\" height=\"531\" src=\"https:\/\/www.europesays.com\/pt\/wp-content\/uploads\/2025\/10\/gominho-944x531.jpg\" class=\"attachment-custom-large size-custom-large article-featured-image\" alt=\"gominho\" fetchpriority=\"high\" decoding=\"async\"  \/><\/p>\n<p>Gominho est\u00e1 internado em hospital (Foto: Redes sociais, Reprodu\u00e7\u00e3o)<\/p>\n<p>O apresentador Gominho anunciou nesta sexta-feira (17) que precisou ser internado no hospital. Ele ebe uma crise renal e precisou tirar as pedras do rim. A situa\u00e7\u00e3o foi comunicada aos seus seguidores nas redes sociais.<\/p>\n<p>Continua depois da publicidade<\/p>\n<p>\u201cSe n\u00e3o bastasse\u00a0as pedras do caminho, tem que tirar as do rim tamb\u00e9m\u201d, escreveu nos stories de seu Instagram.<\/p>\n<p>Gominho ainda disse que nunca imaginou que teria uma pedra no rim, j\u00e1 que bebe muita \u00e1gua. Ele tamb\u00e9m relatou detalhes das dificuldades financeiras que enfrenta recentemente e agradeceu aos amigos que o apoiaram financeiramente na interna\u00e7\u00e3o.<\/p>\n<p>\u2014 Parem de me mandar beber \u00e1gua, que eu n\u00e3o sou palha\u00e7a, eu bebo 4 litros de \u00e1gua por dia. Acreditem. Essa pedra \u00e9 a vida, amor. Voc\u00eas acham que a vida faz sentido? Porque pra mim ela n\u00e3o faz sentido nenhum \u2014 declarou.<\/p>\n<p>Mais tarde, ele publicou outro v\u00eddeo afirmando que estava pronto para ir para casa, mas que ainda precisa aguardar o resultado de exames para ent\u00e3o ter a libera\u00e7\u00e3o m\u00e9dica.<\/p>\n<p>Continua depois da publicidade<\/p>\n<p>Relembre como foi despedida de Preta Gil1<\/p>\n<p>VoltarAvan\u00e7ar<\/p>\n<p><img loading=\"lazy\" decoding=\"async\" width=\"1920\" height=\"1080\" data-id=\"7589204\" src=\"https:\/\/www.europesays.com\/pt\/wp-content\/uploads\/2025\/08\/Tais-Araujo-ao-lado-de-Luis-Miranda.jpg\" alt=\"\" class=\"wp-image-7589204\"  \/><\/p>\n<p>Ta\u00eds Ara\u00fajo compareceu ao lado de Lu\u00eds Miranda (Foto: Redes sociais, Reprodu\u00e7\u00e3o)<\/p>\n<p><img loading=\"lazy\" decoding=\"async\" width=\"1920\" height=\"1080\" data-id=\"7589205\" src=\"https:\/\/www.europesays.com\/pt\/wp-content\/uploads\/2025\/10\/Tiago-Abravanel-e-marido.jpg\" alt=\"\" class=\"wp-image-7589205\"  \/><\/p>\n<p>Tiago Abravanel e marido (Foto: Redes sociais, Reprodu\u00e7\u00e3o)<\/p>\n<p><img loading=\"lazy\" decoding=\"async\" width=\"1920\" height=\"1080\" data-id=\"7589211\" src=\"https:\/\/www.europesays.com\/pt\/wp-content\/uploads\/2025\/08\/Francisco-Gil-filho-de-Preta-sendo-consolado-pela-melhor-amiga-Alice-Wegmann-estrela-de-Vale-Tudo.jp.jpeg\" alt=\"\" class=\"wp-image-7589211\"  \/><\/p>\n<p>Francisco Gil, filho de Preta, sendo consolado pela melhor amiga, Alice Wegmann, estrela de Vale Tudo (Foto: Redes sociais, Reprodu\u00e7\u00e3o)<\/p>\n<p><img loading=\"lazy\" decoding=\"async\" width=\"1920\" height=\"1080\" data-id=\"7589212\" src=\"https:\/\/www.europesays.com\/pt\/wp-content\/uploads\/2025\/08\/Malu-Mader.jpg\" alt=\"\" class=\"wp-image-7589212\"  \/><\/p>\n<p>Malu Mader compareceu de branco, assim como pessoas mais pr\u00f3ximas \u00e0 Preta (Foto: Redes sociais, Reprodu\u00e7\u00e3o)<\/p>\n<p><img loading=\"lazy\" decoding=\"async\" width=\"1200\" height=\"675\" data-id=\"7588030\" src=\"https:\/\/www.europesays.com\/pt\/wp-content\/uploads\/2025\/08\/Velorio-de-Preta-Gil-1.jpg\" alt=\"Vel\u00f3rio de Preta Gil (1)\" class=\"wp-image-7588030\"  \/><\/p>\n<p>Despedida de Preta Gil foi no dia 25 de julho, no Theatro Municipal do Rio de Janeiro (Foto: Redes sociais, Reprodu\u00e7\u00e3o)<\/p>\n<p>Leia tamb\u00e9m<\/p>\n<p><a href=\"https:\/\/www.nsctotal.com.br\/noticias\/quem-e-gominho-melhor-amigo-de-preta-gil-que-esteve-com-ela-durante-todo-o-tratamento\" rel=\"nofollow noopener\" target=\"_blank\"><strong>Quem \u00e9 Gominho, melhor amigo de Preta Gil que esteve com ela durante todo o tratamento<\/strong><\/a><\/p>\n<p><a href=\"https:\/\/www.nsctotal.com.br\/noticias\/gominho-melhor-amigo-de-preta-gil-vira-alvo-de-polemicas-apos-morte-da-cantora-estranho\" target=\"_blank\" rel=\"noreferrer noopener nofollow\"><strong>Gominho, melhor amigo de Preta Gil, vira alvo de pol\u00eamicas ap\u00f3s morte da cantora: \u201cEstranho\u201d<\/strong><\/a><\/p>\n","protected":false},"excerpt":{"rendered":"Gominho est\u00e1 internado em hospital (Foto: Redes sociais, Reprodu\u00e7\u00e3o) O apresentador Gominho anunciou nesta sexta-feira (17) que precisou&hellip;\n","protected":false},"author":2,"featured_media":115569,"comment_status":"","ping_status":"","sticky":false,"template":"","format":"standard","meta":{"footnotes":""},"categories":[145],"tags":[211,210,829,114,115,32,33],"class_list":{"0":"post-115568","1":"post","2":"type-post","3":"status-publish","4":"format-standard","5":"has-post-thumbnail","7":"category-celebridades","8":"tag-celebridades","9":"tag-celebrities","10":"tag-conteudo-liberado","11":"tag-entertainment","12":"tag-entretenimento","13":"tag-portugal","14":"tag-pt"},"share_on_mastodon":{"url":"","error":""},"_links":{"self":[{"href":"https:\/\/www.europesays.com\/pt\/wp-json\/wp\/v2\/posts\/115568","targetHints":{"allow":["GET"]}}],"collection":[{"href":"https:\/\/www.europesays.com\/pt\/wp-json\/wp\/v2\/posts"}],"about":[{"href":"https:\/\/www.europesays.com\/pt\/wp-json\/wp\/v2\/types\/post"}],"author":[{"embeddable":true,"href":"https:\/\/www.europesays.com\/pt\/wp-json\/wp\/v2\/users\/2"}],"replies":[{"embeddable":true,"href":"https:\/\/www.europesays.com\/pt\/wp-json\/wp\/v2\/comments?post=115568"}],"version-history":[{"count":0,"href":"https:\/\/www.europesays.com\/pt\/wp-json\/wp\/v2\/posts\/115568\/revisions"}],"wp:featuredmedia":[{"embeddable":true,"href":"https:\/\/www.europesays.com\/pt\/wp-json\/wp\/v2\/media\/115569"}],"wp:attachment":[{"href":"https:\/\/www.europesays.com\/pt\/wp-json\/wp\/v2\/media?parent=115568"}],"wp:term":[{"taxonomy":"category","embeddable":true,"href":"https:\/\/www.europesays.com\/pt\/wp-json\/wp\/v2\/categories?post=115568"},{"taxonomy":"post_tag","embeddable":true,"href":"https:\/\/www.europesays.com\/pt\/wp-json\/wp\/v2\/tags?post=115568"}],"curies":[{"name":"wp","href":"https:\/\/api.w.org\/{rel}","templated":true}]}}