{"id":115570,"date":"2025-10-18T06:15:10","date_gmt":"2025-10-18T06:15:10","guid":{"rendered":"https:\/\/www.europesays.com\/pt\/115570\/"},"modified":"2025-10-18T06:15:10","modified_gmt":"2025-10-18T06:15:10","slug":"mexeu-na-cara-sem-tabus-bernardina-brito-reage-a-chuva-de-criticas-incomodo-porque-estou-mais-bonita-secret-story","status":"publish","type":"post","link":"https:\/\/www.europesays.com\/pt\/115570\/","title":{"rendered":"\u00abMexeu na cara\u00bb? Sem tabus, Bernardina Brito reage a chuva de cr\u00edticas: \u00abIncomodo porque estou mais bonita\u00bb &#8211; Secret Story"},"content":{"rendered":"<p><strong>Bernardina Brito est\u00e1 visivelmente mais magra<\/strong> e, nas redes sociais, n\u00e3o se inibe de mostrar a sua fase mais confiante de todas. No entanto, <a href=\"https:\/\/tvi.iol.pt\/secretstory\/bernardina-brito\/novo-look\/como-nunca-a-viu-bernardina-brito-faz-um-corte-de-cabelo-radical-e-esta-irreconhecivel\" rel=\"nofollow noopener\" target=\"_blank\">tem sido alvo de algumas cr\u00edticas por parte de alguns internautas <\/a>e, sem papas na l\u00edngua, a ex-concorrente do <strong>Secret Story decidiu responder.<\/strong><\/p>\n<p>No Instagram,<a href=\"https:\/\/tvi.iol.pt\/secretstory\/videos\/bernardina-brito-surpreende-com-mudanca-radical-de-visual\/68ea6d600cf29d28d828d107\" rel=\"nofollow noopener\" target=\"_blank\"> Bibi, como \u00e9 carinhosamente tratada, <\/a>partilhou um v\u00eddeo em que deixa uma mensagem dirigida a todos aqueles que t\u00eam dito que esta <strong>\u00abmexeu na cara\u00bb.\u00a0<\/strong><\/p>\n<p>\u00abTenho recebido v\u00e1rias cr\u00edticas, principalmente de mulheres, a dizer que mexi na cara e que nem pare\u00e7o a mesma. Nas minhas fotos, eu estou maquilhada e quando somos maquilhadas, ficamos sempre diferentes\u00bb, come\u00e7ou por dizer. \u00ab<strong>Estou aqui sem qualquer tipo de maquilhagem<\/strong>. Gra\u00e7as a Deus os meus pais fizeram-me com uma pele perfeitinha. Eu nem gosto de usar cremes, mas quando os uso \u00e9 normal que a pele fique ainda mais uniforme\u00bb, acrescentou.<\/p>\n<p>\u00abEu n\u00e3o mexi na minha cara, emagreci e alguns tra\u00e7os real\u00e7aram-se\u00bb, diz Bernardina <\/p>\n<p>B<a href=\"https:\/\/tvi.iol.pt\/secretstory\/bernardina-brito\/secret-story\/viu-a-diferenca-bernardina-brito-fez-intervencao-estetica-na-cara-apesar-de-sentir-que-nao-precisava\" rel=\"nofollow noopener\" target=\"_blank\">ernardina explicou ainda que, quando tira as fotos que partilha nas redes sociais,<\/a> est\u00e1 a fazer poses, \u00abcomo mandar um beijinho ou levantar a sobrancelha\u00bb, o que pode fazer com que a sua express\u00e3o facial altere. Adiantou tamb\u00e9m que, o facto de ter perdido imenso peso, fez com que as suas fei\u00e7\u00f5es mudassem.<\/p>\n<p>\u00abEu n\u00e3o mexi na minha cara, emagreci e alguns tra\u00e7os real\u00e7aram-se mais. <strong>Porque \u00e9 que quando eu estava gorda, as pessoas n\u00e3o iam comentar que eu estava feia?<\/strong> Sabem porque \u00e9 que faziam isso? Porque eu estava mal,<a href=\"https:\/\/tvi.iol.pt\/secretstory\/fotos\/bernardina-brito-exibe-transformacao-apos-perder-peso-e-fazer-procedimento-estetico-no-rosto\/68b982fcd34ef72ee44a26d8\" rel=\"nofollow noopener\" target=\"_blank\"> eu estava mais feia do que voc\u00eas.<\/a> E n\u00e3o vos incomodava\u00bb, atirou.\u00a0<\/p>\n<p>\u00abNeste momento<strong>, incomodo porque estou num bom momento da minha vida e se calhar estou mais bonita do que voc\u00eas. <\/strong>Parem de ser assim. N\u00e3o vivam a vossa vida consoante a vida dos outros\u00bb, terminou.\u00a0<\/p>\n<p><strong>Veja aqui o v\u00eddeo do momento:<\/strong><\/p>\n<p>\u00a0<\/p>\n","protected":false},"excerpt":{"rendered":"Bernardina Brito est\u00e1 visivelmente mais magra e, nas redes sociais, n\u00e3o se inibe de mostrar a sua fase&hellip;\n","protected":false},"author":2,"featured_media":115571,"comment_status":"","ping_status":"","sticky":false,"template":"","format":"standard","meta":{"footnotes":""},"categories":[142],"tags":[18706,5303,114,115,18705,2771,32,33,151,18704],"class_list":{"0":"post-115570","1":"post","2":"type-post","3":"status-publish","4":"format-standard","5":"has-post-thumbnail","7":"category-tv","8":"tag-bastidores-secret-story","9":"tag-bernardina-brito","10":"tag-entertainment","11":"tag-entretenimento","12":"tag-entrevistas-concorrentes-tvi","13":"tag-polemica","14":"tag-portugal","15":"tag-pt","16":"tag-tv","17":"tag-vida-fora-da-casa"},"share_on_mastodon":{"url":"","error":""},"_links":{"self":[{"href":"https:\/\/www.europesays.com\/pt\/wp-json\/wp\/v2\/posts\/115570","targetHints":{"allow":["GET"]}}],"collection":[{"href":"https:\/\/www.europesays.com\/pt\/wp-json\/wp\/v2\/posts"}],"about":[{"href":"https:\/\/www.europesays.com\/pt\/wp-json\/wp\/v2\/types\/post"}],"author":[{"embeddable":true,"href":"https:\/\/www.europesays.com\/pt\/wp-json\/wp\/v2\/users\/2"}],"replies":[{"embeddable":true,"href":"https:\/\/www.europesays.com\/pt\/wp-json\/wp\/v2\/comments?post=115570"}],"version-history":[{"count":0,"href":"https:\/\/www.europesays.com\/pt\/wp-json\/wp\/v2\/posts\/115570\/revisions"}],"wp:featuredmedia":[{"embeddable":true,"href":"https:\/\/www.europesays.com\/pt\/wp-json\/wp\/v2\/media\/115571"}],"wp:attachment":[{"href":"https:\/\/www.europesays.com\/pt\/wp-json\/wp\/v2\/media?parent=115570"}],"wp:term":[{"taxonomy":"category","embeddable":true,"href":"https:\/\/www.europesays.com\/pt\/wp-json\/wp\/v2\/categories?post=115570"},{"taxonomy":"post_tag","embeddable":true,"href":"https:\/\/www.europesays.com\/pt\/wp-json\/wp\/v2\/tags?post=115570"}],"curies":[{"name":"wp","href":"https:\/\/api.w.org\/{rel}","templated":true}]}}