{"id":115578,"date":"2025-10-18T06:41:23","date_gmt":"2025-10-18T06:41:23","guid":{"rendered":"https:\/\/www.europesays.com\/pt\/115578\/"},"modified":"2025-10-18T06:41:23","modified_gmt":"2025-10-18T06:41:23","slug":"filho-de-elizabeth-ii-principe-andrew-renuncia-ao-titulo-de-duque-de-york-mundo","status":"publish","type":"post","link":"https:\/\/www.europesays.com\/pt\/115578\/","title":{"rendered":"Filho de Elizabeth II, pr\u00edncipe Andrew renuncia ao t\u00edtulo de duque de York | Mundo"},"content":{"rendered":"\n<p class=\" content-text__container theme-color-primary-first-letter\" data-track-category=\"Link no Texto\" data-track-links=\"\"> O pr\u00edncipe Andrew, do Reino Unido, declarou nesta sexta-feira que deixar\u00e1 de usar o t\u00edtulo de duque de York, ap\u00f3s anos de cr\u00edticas sobre seu comportamento e suas liga\u00e7\u00f5es com o criminoso sexual americano Jeffrey Epstein.<\/p>\n<p class=\" content-text__container \" data-track-category=\"Link no Texto\" data-track-links=\"\"> A reputa\u00e7\u00e3o de Andrew \u2014 irm\u00e3o mais novo do rei Charles e segundo filho da rainha Elizabeth II \u2014 foi duramente abalada nos \u00faltimos anos, principalmente por causa de suas conex\u00f5es com Epstein. Tamb\u00e9m vieram \u00e0 tona revela\u00e7\u00f5es de que um de seus associados mais pr\u00f3ximos nos neg\u00f3cios era considerado pelo governo brit\u00e2nico um espi\u00e3o chin\u00eas.<\/p>\n<p class=\" content-text__container \" data-track-category=\"Link no Texto\" data-track-links=\"\"> Em comunicado, Andrew afirmou que \u201cas acusa\u00e7\u00f5es cont\u00ednuas\u201d desviavam a aten\u00e7\u00e3o do trabalho de seu irm\u00e3o mais velho, o rei Charles, e das atividades mais amplas da fam\u00edlia real brit\u00e2nica.<\/p>\n<p class=\" content-text__container \" data-track-category=\"Link no Texto\" data-track-links=\"\"> \u201cPortanto, n\u00e3o usarei mais o t\u00edtulo nem as honrarias que me foram concedidas. Como j\u00e1 disse anteriormente, nego veementemente as acusa\u00e7\u00f5es feitas contra mim\u201d, declarou o pr\u00edncipe. <\/p>\n<p class=\" content-text__container \" data-track-category=\"Link no Texto\" data-track-links=\"\"> Andrew, de 65 anos, oitavo na linha de sucess\u00e3o ao trono, foi oficial da Marinha brit\u00e2nica, tendo servido durante a Guerra das Malvinas contra a Argentina, no in\u00edcio da d\u00e9cada de 1980. <\/p>\n<p class=\" content-text__container \" data-track-category=\"Link no Texto\" data-track-links=\"\"> Em 2022, foi destitu\u00eddo da maior parte de seus t\u00edtulos e afastado de suas fun\u00e7\u00f5es oficiais devido a suas liga\u00e7\u00f5es com Epstein.<\/p>\n<p class=\" content-text__container \" data-track-category=\"Link no Texto\" data-track-links=\"\"> Naquele mesmo ano, ele fez um acordo judicial com Virginia Giuffre \u2014 que morreu em abril \u2014 ap\u00f3s ela acus\u00e1-lo de t\u00ea-la abusado sexualmente quando era adolescente. <\/p>\n<p class=\" content-text__container \" data-track-category=\"Link no Texto\" data-track-links=\"\"> Andrew sempre negou a acusa\u00e7\u00e3o, que voltou a ganhar destaque na \u00faltima semana com o lan\u00e7amento das mem\u00f3rias de Giuffre. <\/p>\n<p>       <img decoding=\"async\" class=\"content-media__image\"  src=\"https:\/\/www.europesays.com\/pt\/wp-content\/uploads\/2025\/10\/ap25290669056985.jpg\" alt=\" \u2014 Foto: AP Photo\/Kirsty Wigglesworth, File\" width=\"5906\" height=\"3937\" loading=\"lazy\"\/>  \u2014 Foto: AP Photo\/Kirsty Wigglesworth, File       <\/p>\n","protected":false},"excerpt":{"rendered":"O pr\u00edncipe Andrew, do Reino Unido, declarou nesta sexta-feira que deixar\u00e1 de usar o t\u00edtulo de duque de&hellip;\n","protected":false},"author":2,"featured_media":115579,"comment_status":"","ping_status":"","sticky":false,"template":"","format":"standard","meta":{"footnotes":""},"categories":[145],"tags":[211,210,114,115,8697,583,32,33,713],"class_list":{"0":"post-115578","1":"post","2":"type-post","3":"status-publish","4":"format-standard","5":"has-post-thumbnail","7":"category-celebridades","8":"tag-celebridades","9":"tag-celebrities","10":"tag-entertainment","11":"tag-entretenimento","12":"tag-familia-real","13":"tag-jeffrey-epstein","14":"tag-portugal","15":"tag-pt","16":"tag-reino-unido"},"share_on_mastodon":{"url":"","error":""},"_links":{"self":[{"href":"https:\/\/www.europesays.com\/pt\/wp-json\/wp\/v2\/posts\/115578","targetHints":{"allow":["GET"]}}],"collection":[{"href":"https:\/\/www.europesays.com\/pt\/wp-json\/wp\/v2\/posts"}],"about":[{"href":"https:\/\/www.europesays.com\/pt\/wp-json\/wp\/v2\/types\/post"}],"author":[{"embeddable":true,"href":"https:\/\/www.europesays.com\/pt\/wp-json\/wp\/v2\/users\/2"}],"replies":[{"embeddable":true,"href":"https:\/\/www.europesays.com\/pt\/wp-json\/wp\/v2\/comments?post=115578"}],"version-history":[{"count":0,"href":"https:\/\/www.europesays.com\/pt\/wp-json\/wp\/v2\/posts\/115578\/revisions"}],"wp:featuredmedia":[{"embeddable":true,"href":"https:\/\/www.europesays.com\/pt\/wp-json\/wp\/v2\/media\/115579"}],"wp:attachment":[{"href":"https:\/\/www.europesays.com\/pt\/wp-json\/wp\/v2\/media?parent=115578"}],"wp:term":[{"taxonomy":"category","embeddable":true,"href":"https:\/\/www.europesays.com\/pt\/wp-json\/wp\/v2\/categories?post=115578"},{"taxonomy":"post_tag","embeddable":true,"href":"https:\/\/www.europesays.com\/pt\/wp-json\/wp\/v2\/tags?post=115578"}],"curies":[{"name":"wp","href":"https:\/\/api.w.org\/{rel}","templated":true}]}}