{"id":115586,"date":"2025-10-18T07:21:25","date_gmt":"2025-10-18T07:21:25","guid":{"rendered":"https:\/\/www.europesays.com\/pt\/115586\/"},"modified":"2025-10-18T07:21:25","modified_gmt":"2025-10-18T07:21:25","slug":"mais-de-5-000-seniores-de-braga-em-festa-na-quinta-da-malafaia","status":"publish","type":"post","link":"https:\/\/www.europesays.com\/pt\/115586\/","title":{"rendered":"Mais de 5.000 seniores de Braga em festa na Quinta da Malafaia"},"content":{"rendered":"<p>O Munic\u00edpio de Braga est\u00e1 a realizar mais uma edi\u00e7\u00e3o do tradicional Conv\u00edvio S\u00e9nior na Quinta da Malafaia, que vai juntar mais de 5.000 idosos. <\/p>\n<p>&#13;<br \/>\n&#13;<br \/>\n&#13;<\/p>\n<p>De acordo com a autarquia, este \u00e9 um evento que \u201cvisa proporcionar momentos de lazer, m\u00fasica e boa disposi\u00e7\u00e3o\u201d. <\/p>\n<p>A primeira parte do conv\u00edvio teve lugar esta sexta-feira, reunindo cerca de 2.500 seniores num ambiente de \u201calegria, partilha e reencontros\u201d. <\/p>\n<p>A segunda jornada da iniciativa decorrer\u00e1 na pr\u00f3xima segunda-feira, dia 20 de outubro, e contar\u00e1 com outros 2.500 participantes, totalizando mais de 5.000 seniores ao longo dos dois dias de festa.<\/p>\n<p><img loading=\"lazy\" data-dominant-color=\"4c4850\" data-has-transparency=\"false\" style=\"--dominant-color: #4c4850;\" decoding=\"async\" width=\"1024\" height=\"538\" alt=\"Mais de 5. 000 seniores de braga em festa na quinta da malafaia\" class=\"wp-image-618693 not-transparent perfmatters-lazy\" title=\"Mais de 5. 000 seniores de braga em festa na quinta da malafaia 6\" src=\"https:\/\/www.europesays.com\/pt\/wp-content\/uploads\/2025\/10\/ricardo-rio-joao-rodrigues.jpg\"  data-\/>Foto: CM Braga<\/p>\n<p>O evento contou com a presen\u00e7a do presidente da C\u00e2mara Municipal de Braga, Ricardo Rio, e do presidente da C\u00e2mara eleito, Jo\u00e3o Rodrigues, num \u201cgesto simb\u00f3lico\u201d que refor\u00e7a o \u201ccar\u00e1ter agregador desta iniciativa\u201d, que envolve tamb\u00e9m as Juntas de Freguesia e as IPSS do concelho.<\/p>\n<p>O Conv\u00edvio S\u00e9nior da Quinta da Malafaia mant\u00e9m-se, assim, como um momento emblem\u00e1tico de encontro, alegria e celebra\u00e7\u00e3o, reafirmando o compromisso do Munic\u00edpio de Braga com a inclus\u00e3o e o bem-estar dos seus cidad\u00e3os mais idosos.<\/p>\n<p><img loading=\"lazy\" data-dominant-color=\"73685b\" data-has-transparency=\"false\" style=\"--dominant-color: #73685b;\" decoding=\"async\" width=\"1024\" height=\"683\" data-id=\"618699\" alt=\"Mais de 5. 000 seniores de braga em festa na quinta da malafaia\" class=\"wp-image-618699 not-transparent perfmatters-lazy\" title=\"Mais de 5. 000 seniores de braga em festa na quinta da malafaia 7\" src=\"https:\/\/www.europesays.com\/pt\/wp-content\/uploads\/2025\/10\/AFS04656-scaled.jpg\"  data-\/>Foto: CM Braga<\/p>\n<p><img loading=\"lazy\" data-dominant-color=\"786351\" data-has-transparency=\"false\" style=\"--dominant-color: #786351;\" decoding=\"async\" width=\"1024\" height=\"683\" data-id=\"618698\" alt=\"Mais de 5. 000 seniores de braga em festa na quinta da malafaia\" class=\"wp-image-618698 not-transparent perfmatters-lazy\" title=\"Mais de 5. 000 seniores de braga em festa na quinta da malafaia 8\" src=\"https:\/\/www.europesays.com\/pt\/wp-content\/uploads\/2025\/10\/AFS01781-scaled.jpg\"  data-\/>Foto: CM Braga<\/p>\n<p><img loading=\"lazy\" data-dominant-color=\"6b5947\" data-has-transparency=\"false\" style=\"--dominant-color: #6b5947;\" decoding=\"async\" width=\"1024\" height=\"683\" data-id=\"618695\" alt=\"Mais de 5. 000 seniores de braga em festa na quinta da malafaia\" class=\"wp-image-618695 not-transparent perfmatters-lazy\" title=\"Mais de 5. 000 seniores de braga em festa na quinta da malafaia 9\" src=\"https:\/\/www.europesays.com\/pt\/wp-content\/uploads\/2025\/10\/AFS01712-scaled.jpg\"  data-\/>Foto: CM Braga<\/p>\n<p><img loading=\"lazy\" data-dominant-color=\"6d5848\" data-has-transparency=\"false\" style=\"--dominant-color: #6d5848;\" decoding=\"async\" width=\"1024\" height=\"683\" data-id=\"618700\" alt=\"Mais de 5. 000 seniores de braga em festa na quinta da malafaia\" class=\"wp-image-618700 not-transparent perfmatters-lazy\" title=\"Mais de 5. 000 seniores de braga em festa na quinta da malafaia 10\" src=\"https:\/\/www.europesays.com\/pt\/wp-content\/uploads\/2025\/10\/AFS04746-scaled.jpg\"  data-\/>Foto: CM Braga<\/p>\n<p><img loading=\"lazy\" data-dominant-color=\"635245\" data-has-transparency=\"false\" style=\"--dominant-color: #635245;\" decoding=\"async\" width=\"1024\" height=\"683\" data-id=\"618701\" alt=\"Mais de 5. 000 seniores de braga em festa na quinta da malafaia\" class=\"wp-image-618701 not-transparent perfmatters-lazy\" title=\"Mais de 5. 000 seniores de braga em festa na quinta da malafaia 11\" src=\"https:\/\/www.europesays.com\/pt\/wp-content\/uploads\/2025\/10\/AFS04802-scaled.jpg\"  data-\/>Foto: CM Braga<\/p>\n<p><img loading=\"lazy\" data-dominant-color=\"4f4344\" data-has-transparency=\"false\" style=\"--dominant-color: #4f4344;\" decoding=\"async\" width=\"1024\" height=\"683\" data-id=\"618703\" alt=\"Mais de 5. 000 seniores de braga em festa na quinta da malafaia\" class=\"wp-image-618703 not-transparent perfmatters-lazy\" title=\"Mais de 5. 000 seniores de braga em festa na quinta da malafaia 12\" src=\"https:\/\/www.europesays.com\/pt\/wp-content\/uploads\/2025\/10\/AFS04921-scaled.jpg\"  data-\/>Foto: CM Braga<\/p>\n<p>\u201cPara muitas pessoas, este \u00e9 um dia \u00fanico, um ponto de encontro que faz a diferen\u00e7a na vida dos nossos seniores. Este conv\u00edvio \u00e9 um momento especial que nos motiva a renovar esta iniciativa ano ap\u00f3s ano\u201d, referiu Ricardo Rio, destacando o trabalho conjunto do Executivo Municipal com as Juntas de Freguesia.<\/p>\n<p>Em comunicado, o presidente sublinhou ainda o compromisso da C\u00e2mara Municipal com a qualidade de vida da popula\u00e7\u00e3o s\u00e9nior, destacando programas e pol\u00edticas como o Cart\u00e3o S\u00e9nior, os apoios \u00e0s IPSS, o acesso aos transportes p\u00fablicos, e os programas \u201cBraga Sol\u201d e \u201cBraga a Sorrir\u201d, bem como diversas iniciativas l\u00fadicas, culturais e desportivas destinadas a esta faixa et\u00e1ria.<\/p>\n<p>Ricardo Rio recordou que, desde o in\u00edcio do mandato em 2013, o Munic\u00edpio tem procurado \u201cresponder de forma constante \u00e0s necessidades da popula\u00e7\u00e3o mais idosa, com medidas nas \u00e1reas da sa\u00fade, mobilidade e apoio social\u201d. A comparticipa\u00e7\u00e3o de medicamentos e o programa \u201cBraga a Sorrir\u201d s\u00e3o dois exemplos de iniciativas que promovem o \u201cacesso a cuidados de sa\u00fade oral de forma mais acess\u00edvel\u201d.<\/p>\n<p>Na \u00e1rea da cultura e do desporto, o autarca destacou o projeto \u201cBraga Ativa\u201d e as atividades de nata\u00e7\u00e3o, adiantando que est\u00e1 prevista, para breve, a abertura de uma nova infraestrutura que permitir\u00e1 \u201celiminar a lista de espera existente para tratamentos de hidroterapia, beneficiando em especial a popula\u00e7\u00e3o idosa\u201d. <\/p>\n<p>O presidente mencionou ainda iniciativas como o Banco de Voluntariado e a Academia S\u00e9nior, sublinhando que o objetivo \u00e9 manter os cidad\u00e3os ativos, realizados e socialmente envolvidos. \u201cA sociabilidade \u00e9 um dos maiores indutores de sa\u00fade\u201d, frisou, acrescentando que o Munic\u00edpio quer garantir que todos tenham, em Braga, uma \u201cvida longa e feliz\u201d.<\/p>\n","protected":false},"excerpt":{"rendered":"O Munic\u00edpio de Braga est\u00e1 a realizar mais uma edi\u00e7\u00e3o do tradicional Conv\u00edvio S\u00e9nior na Quinta da Malafaia,&hellip;\n","protected":false},"author":2,"featured_media":115587,"comment_status":"","ping_status":"","sticky":false,"template":"","format":"standard","meta":{"footnotes":""},"categories":[10],"tags":[27,28,15,16,14,25,26,21,22,12,13,19,20,32,23,24,33,17,18,29,30,31],"class_list":{"0":"post-115586","1":"post","2":"type-post","3":"status-publish","4":"format-standard","5":"has-post-thumbnail","7":"category-portugal","8":"tag-breaking-news","9":"tag-breakingnews","10":"tag-featured-news","11":"tag-featurednews","12":"tag-headlines","13":"tag-latest-news","14":"tag-latestnews","15":"tag-main-news","16":"tag-mainnews","17":"tag-news","18":"tag-noticias","19":"tag-noticias-principais","20":"tag-noticiasprincipais","21":"tag-portugal","22":"tag-principais-noticias","23":"tag-principaisnoticias","24":"tag-pt","25":"tag-top-stories","26":"tag-topstories","27":"tag-ultimas","28":"tag-ultimas-noticias","29":"tag-ultimasnoticias"},"share_on_mastodon":{"url":"","error":""},"_links":{"self":[{"href":"https:\/\/www.europesays.com\/pt\/wp-json\/wp\/v2\/posts\/115586","targetHints":{"allow":["GET"]}}],"collection":[{"href":"https:\/\/www.europesays.com\/pt\/wp-json\/wp\/v2\/posts"}],"about":[{"href":"https:\/\/www.europesays.com\/pt\/wp-json\/wp\/v2\/types\/post"}],"author":[{"embeddable":true,"href":"https:\/\/www.europesays.com\/pt\/wp-json\/wp\/v2\/users\/2"}],"replies":[{"embeddable":true,"href":"https:\/\/www.europesays.com\/pt\/wp-json\/wp\/v2\/comments?post=115586"}],"version-history":[{"count":0,"href":"https:\/\/www.europesays.com\/pt\/wp-json\/wp\/v2\/posts\/115586\/revisions"}],"wp:featuredmedia":[{"embeddable":true,"href":"https:\/\/www.europesays.com\/pt\/wp-json\/wp\/v2\/media\/115587"}],"wp:attachment":[{"href":"https:\/\/www.europesays.com\/pt\/wp-json\/wp\/v2\/media?parent=115586"}],"wp:term":[{"taxonomy":"category","embeddable":true,"href":"https:\/\/www.europesays.com\/pt\/wp-json\/wp\/v2\/categories?post=115586"},{"taxonomy":"post_tag","embeddable":true,"href":"https:\/\/www.europesays.com\/pt\/wp-json\/wp\/v2\/tags?post=115586"}],"curies":[{"name":"wp","href":"https:\/\/api.w.org\/{rel}","templated":true}]}}