{"id":115600,"date":"2025-10-18T07:35:12","date_gmt":"2025-10-18T07:35:12","guid":{"rendered":"https:\/\/www.europesays.com\/pt\/115600\/"},"modified":"2025-10-18T07:35:12","modified_gmt":"2025-10-18T07:35:12","slug":"tragedia-no-elevador-da-gloria-vmer-trancada-impede-socorro","status":"publish","type":"post","link":"https:\/\/www.europesays.com\/pt\/115600\/","title":{"rendered":"Trag\u00e9dia no Elevador da Gl\u00f3ria: VMER Trancada Impede Socorro"},"content":{"rendered":"<p>O Sindicato dos T\u00e9cnicos de Emerg\u00eancia Pr\u00e9-Hospitalar vai solicitar um inqu\u00e9rito para apurar as causas que impediram a mobiliza\u00e7\u00e3o da viatura de emerg\u00eancia m\u00e9dica do Hospital de Santa Maria para o acidente com o elevador da Gl\u00f3ria, em Lisboa. Uma decis\u00e3o que surge depois de o Expresso ter noticiado na quinta-feira, 16 de outubro, que essa viatura ficou trancada por dentro e, por isso, falhou o socorro ao descarrilamento, no qual morreram 16 pessoas, a 3 de setembro.<\/p>\n<p>De acordo om a inforna\u00e7\u00e3o avan\u00e7ada pelo seman\u00e1rio, a VMER &#8211; Viatura M\u00e9dica de Emerg\u00eancia e Reanima\u00e7\u00e3o, que disp\u00f5e de m\u00e9dico e enfermeiro a bordo &#8211; sediada no Hospital de Santa Maria <strong>estava trancada por dentro e a chave de substitui\u00e7\u00e3o estava no Algarve, o que inviabilizou a sua utiliza\u00e7\u00e3o no socorro \u00e0 trag\u00e9dia.<\/strong><\/p>\n<p>\u201cSolicitaremos de imediato ao presidente do INEM um inqu\u00e9rito para apurar as circunst\u00e2ncias do sucedido\u201d, adiantou esta sexta-feira o presidente do sindicato \u00e0 Lusa.<\/p>\n<p><strong>\u201c\u00c9 inaceit\u00e1vel que um meio de emerg\u00eancia m\u00e9dica n\u00e3o acorra a uma emerg\u00eancia por inacessibilidade \u00e0 chave da viatura\u201d<\/strong>, salientou o presidente do Sindicato dos T\u00e9cnicos de Emerg\u00eancia Pr\u00e9-Hospitalar (STEPH).<\/p>\n<p>Rui L\u00e1zaro adiantou que importa apurar se foi uma \u201cavaria ou neglig\u00eancia que levou a que a viatura ficasse trancada com a chave l\u00e1 dentro\u201d, mas tamb\u00e9m as raz\u00f5es de a chave suplente \u201cn\u00e3o ter acompanhado a viatura para a base onde foi servir\u201d.<\/p>\n<p>\u201cA inexist\u00eancia de procedimentos que visem impedir casos como este \u00e9 negligenciar a resposta aos cidad\u00e3os, o que n\u00e3o podemos admitir\u201d, real\u00e7ou o dirigente sindical.<\/p>\n<p>O descarrilamento do elevador da Gl\u00f3ria, sob gest\u00e3o da Carris, provocou 16 mortos e cerca de duas dezenas de feridos, entre portugueses e estrangeiros de v\u00e1rias nacionalidades.<\/p>\n","protected":false},"excerpt":{"rendered":"O Sindicato dos T\u00e9cnicos de Emerg\u00eancia Pr\u00e9-Hospitalar vai solicitar um inqu\u00e9rito para apurar as causas que impediram a&hellip;\n","protected":false},"author":2,"featured_media":61395,"comment_status":"","ping_status":"","sticky":false,"template":"","format":"standard","meta":{"footnotes":""},"categories":[10],"tags":[27,28,17373,16269,15,16,14,25,26,21,22,12,13,19,20,32,23,24,33,17,18,29,30,31,27126],"class_list":{"0":"post-115600","1":"post","2":"type-post","3":"status-publish","4":"format-standard","5":"has-post-thumbnail","7":"category-portugal","8":"tag-breaking-news","9":"tag-breakingnews","10":"tag-descarrilamento-do-elevador-da-gloria","11":"tag-elevador-da-gloria","12":"tag-featured-news","13":"tag-featurednews","14":"tag-headlines","15":"tag-latest-news","16":"tag-latestnews","17":"tag-main-news","18":"tag-mainnews","19":"tag-news","20":"tag-noticias","21":"tag-noticias-principais","22":"tag-noticiasprincipais","23":"tag-portugal","24":"tag-principais-noticias","25":"tag-principaisnoticias","26":"tag-pt","27":"tag-top-stories","28":"tag-topstories","29":"tag-ultimas","30":"tag-ultimas-noticias","31":"tag-ultimasnoticias","32":"tag-vmer-viatura-medica-de-emergencia-e-reabilitacao"},"share_on_mastodon":{"url":"","error":""},"_links":{"self":[{"href":"https:\/\/www.europesays.com\/pt\/wp-json\/wp\/v2\/posts\/115600","targetHints":{"allow":["GET"]}}],"collection":[{"href":"https:\/\/www.europesays.com\/pt\/wp-json\/wp\/v2\/posts"}],"about":[{"href":"https:\/\/www.europesays.com\/pt\/wp-json\/wp\/v2\/types\/post"}],"author":[{"embeddable":true,"href":"https:\/\/www.europesays.com\/pt\/wp-json\/wp\/v2\/users\/2"}],"replies":[{"embeddable":true,"href":"https:\/\/www.europesays.com\/pt\/wp-json\/wp\/v2\/comments?post=115600"}],"version-history":[{"count":0,"href":"https:\/\/www.europesays.com\/pt\/wp-json\/wp\/v2\/posts\/115600\/revisions"}],"wp:featuredmedia":[{"embeddable":true,"href":"https:\/\/www.europesays.com\/pt\/wp-json\/wp\/v2\/media\/61395"}],"wp:attachment":[{"href":"https:\/\/www.europesays.com\/pt\/wp-json\/wp\/v2\/media?parent=115600"}],"wp:term":[{"taxonomy":"category","embeddable":true,"href":"https:\/\/www.europesays.com\/pt\/wp-json\/wp\/v2\/categories?post=115600"},{"taxonomy":"post_tag","embeddable":true,"href":"https:\/\/www.europesays.com\/pt\/wp-json\/wp\/v2\/tags?post=115600"}],"curies":[{"name":"wp","href":"https:\/\/api.w.org\/{rel}","templated":true}]}}