{"id":115601,"date":"2025-10-18T07:36:10","date_gmt":"2025-10-18T07:36:10","guid":{"rendered":"https:\/\/www.europesays.com\/pt\/115601\/"},"modified":"2025-10-18T07:36:10","modified_gmt":"2025-10-18T07:36:10","slug":"posicao-de-passos-coelho-sobre-a-imigracao-e-coerente-e-segue-uma-linha-de-realismo-politico","status":"publish","type":"post","link":"https:\/\/www.europesays.com\/pt\/115601\/","title":{"rendered":"Posi\u00e7\u00e3o de Passos Coelho sobre a imigra\u00e7\u00e3o &#8220;\u00e9 coerente&#8221; e &#8220;segue uma linha de realismo pol\u00edtico&#8221;"},"content":{"rendered":"<p>Jos\u00e9 Pedro Z\u00faquete considera que &#8220;uma boa parte do povo da esquerda, quer mais popular, patriota, enraizado, n\u00e3o se reconhece nas mudan\u00e7as demogr\u00e1ficas nas suas comunidades e d\u00e1 valor \u00e0 coes\u00e3o social e comunit\u00e1ria&#8221;. &#8220;Quando n\u00e3o se reconhece nas suas elites, esse povo muda de barco&#8221;, diz o investigador, justificando que essa mudan\u00e7a \u00e9 &#8220;vis\u00edvel&#8221; nos resultados das legislativas de maio deste ano.<\/p>\n<p>&#8220;As pessoas sentem-se inseguras, amea\u00e7adas, desorientadas&#8221;<\/p>\n<p>Na apresenta\u00e7\u00e3o do livro de Miguel Morgado (que foi assessor pol\u00edtico de Passos Coelho), o antigo l\u00edder social-democrata fez uma interven\u00e7\u00e3o sobre o liberalismo. Segundo essa ideologia pol\u00edtica, &#8220;n\u00e3o devia haver nenhum problema em que as pessoas se sentissem estrangeiras na sua pr\u00f3pria terra&#8221;, ironizando de seguida que seriam consideradas &#8220;cosmopolitas&#8221;, o que &#8220;era \u00f3timo&#8221;. H\u00e1 no entanto um problema: &#8220;<strong>As pessoas sentem-se inseguras, amea\u00e7adas, de certa maneira desorientadas, desconfiadas<\/strong>\u2026 Tudo aquilo que s\u00e3o caracter\u00edsticas muito humanas e que, em circunst\u00e2ncias normais, n\u00e3o valem grande coisa, em ambientes destes, as coisas podem descambar.&#8221;<\/p>\n<p>Com isto aproveitou para criticar o antigo primeiro-ministro Ant\u00f3nio Costa, dizendo que os governos socialistas liderados pelo agora presidente do Conselho Europeu tinham um princ\u00edpio: &#8220;Deixa entrar. Isto \u00e9 para ser assim e n\u00e3o pergunto nada a ningu\u00e9m.&#8221;<\/p>\n<p>Segundo Passos, este era o discurso que Costa tinha para os &#8220;quadros superiores&#8221; do Servi\u00e7o de Estrangeiros e Fronteiras (SEF), entretanto extinto. Quando estes cargos alertavam que &#8220;estavam a perder o controlo&#8221; sobre a imigra\u00e7\u00e3o, que estava &#8220;a entrar muita gente&#8221; que nem se sabia &#8220;quem era&#8221; e sem ser pedido um &#8220;certificado criminal&#8221;, Ant\u00f3nio Costa diria (segundo Passos Coelho): &#8220;Isto \u00e9 mesmo assim, est\u00e1 a perceber? N\u00e3o pense que \u00e9 um acaso. \u00c9 mesmo para isso, \u00e9 para meter essas pessoas c\u00e1 dentro. Isto \u00e9 para prosseguir.&#8221;<\/p>\n","protected":false},"excerpt":{"rendered":"Jos\u00e9 Pedro Z\u00faquete considera que &#8220;uma boa parte do povo da esquerda, quer mais popular, patriota, enraizado, n\u00e3o&hellip;\n","protected":false},"author":2,"featured_media":115602,"comment_status":"","ping_status":"","sticky":false,"template":"","format":"standard","meta":{"footnotes":""},"categories":[8],"tags":[27,28,15,16,14,1481,27127,25,26,21,22,12,13,19,20,11284,52,32,23,24,4579,33,17,18,29,30,31],"class_list":{"0":"post-115601","1":"post","2":"type-post","3":"status-publish","4":"format-standard","5":"has-post-thumbnail","7":"category-principais-noticias","8":"tag-breaking-news","9":"tag-breakingnews","10":"tag-featured-news","11":"tag-featurednews","12":"tag-headlines","13":"tag-imigracao","14":"tag-jaime-nogueira-pinto","15":"tag-latest-news","16":"tag-latestnews","17":"tag-main-news","18":"tag-mainnews","19":"tag-news","20":"tag-noticias","21":"tag-noticias-principais","22":"tag-noticiasprincipais","23":"tag-pedro-passos-coelho","24":"tag-politica","25":"tag-portugal","26":"tag-principais-noticias","27":"tag-principaisnoticias","28":"tag-psd","29":"tag-pt","30":"tag-top-stories","31":"tag-topstories","32":"tag-ultimas","33":"tag-ultimas-noticias","34":"tag-ultimasnoticias"},"share_on_mastodon":{"url":"","error":""},"_links":{"self":[{"href":"https:\/\/www.europesays.com\/pt\/wp-json\/wp\/v2\/posts\/115601","targetHints":{"allow":["GET"]}}],"collection":[{"href":"https:\/\/www.europesays.com\/pt\/wp-json\/wp\/v2\/posts"}],"about":[{"href":"https:\/\/www.europesays.com\/pt\/wp-json\/wp\/v2\/types\/post"}],"author":[{"embeddable":true,"href":"https:\/\/www.europesays.com\/pt\/wp-json\/wp\/v2\/users\/2"}],"replies":[{"embeddable":true,"href":"https:\/\/www.europesays.com\/pt\/wp-json\/wp\/v2\/comments?post=115601"}],"version-history":[{"count":0,"href":"https:\/\/www.europesays.com\/pt\/wp-json\/wp\/v2\/posts\/115601\/revisions"}],"wp:featuredmedia":[{"embeddable":true,"href":"https:\/\/www.europesays.com\/pt\/wp-json\/wp\/v2\/media\/115602"}],"wp:attachment":[{"href":"https:\/\/www.europesays.com\/pt\/wp-json\/wp\/v2\/media?parent=115601"}],"wp:term":[{"taxonomy":"category","embeddable":true,"href":"https:\/\/www.europesays.com\/pt\/wp-json\/wp\/v2\/categories?post=115601"},{"taxonomy":"post_tag","embeddable":true,"href":"https:\/\/www.europesays.com\/pt\/wp-json\/wp\/v2\/tags?post=115601"}],"curies":[{"name":"wp","href":"https:\/\/api.w.org\/{rel}","templated":true}]}}