{"id":115611,"date":"2025-10-18T07:54:11","date_gmt":"2025-10-18T07:54:11","guid":{"rendered":"https:\/\/www.europesays.com\/pt\/115611\/"},"modified":"2025-10-18T07:54:11","modified_gmt":"2025-10-18T07:54:11","slug":"no-montijo-apuramento-de-votos-mudou-distribuicao-de-eleitos-na-assembleia-municipal-autarquicas-2025","status":"publish","type":"post","link":"https:\/\/www.europesays.com\/pt\/115611\/","title":{"rendered":"No Montijo, apuramento de votos mudou distribui\u00e7\u00e3o de eleitos na assembleia municipal | Aut\u00e1rquicas 2025"},"content":{"rendered":"<p>H\u00e1 mudan\u00e7as na distribui\u00e7\u00e3o de eleitos para a Assembleia Municipal do Montijo: em vez de tr\u00eas, o PS fica com quatro mandatos; e em vez de seis, o movimento independente &#8220;Montijo com Vis\u00e3o e Cora\u00e7\u00e3o&#8221; fica com cinco mandatos, de acordo com o edital sobre o processo. Estas foram as principais mudan\u00e7as ap\u00f3s a Assembleia de Apuramento Geral de Montijo, presidida pela ju\u00edza Marisa Malagueira, relativa \u00e0 elei\u00e7\u00e3o da c\u00e2mara municipal, assembleia municipal e assembleias de freguesia deste concelho do distrito de Set\u00fabal.<\/p>\n<p>Os resultados dos <a href=\"https:\/\/www.publico.pt\/2025\/10\/13\/local\/noticia\/montijo-movimento-cidadaos-derrotou-ps-chega-ar-fresco-2150666\" target=\"_blank\" rel=\"nofollow noopener\">eleitos para a c\u00e2mara municipal<\/a> mant\u00eam-se iguais aos anunciados logo na noite eleitoral, mas com ligeiras altera\u00e7\u00f5es nos n\u00fameros dos votos. Com a assembleia de apuramento, o movimento &#8220;Montijo com Vis\u00e3o e Cora\u00e7\u00e3o&#8221; fica em primeiro lugar, com 6440 votos \u2013 antes tinham sido contados 6452. O grupo de cidad\u00e3os elege tr\u00eas mandatos e o presidente Fernando Caria, tal como tinha sido anunciado.<\/p>\n<p>O Chega tamb\u00e9m se mant\u00e9m em segundo lugar com dois vereadores e 5825 votos \u2013 antes tinham sido contabilizados 5821. O Partido Socialista (PS), que estava \u00e0 frente do munic\u00edpio, ficou em terceiro lugar com um vereador e 4049 votos \u2013 os mesmos que tinham sido contados. A coliga\u00e7\u00e3o do PSD com a Iniciativa Liberal (IL) tamb\u00e9m fica em quarto com um vereador e 3917 votos \u2013 antes tinham sido contados 3915. A CDU, que n\u00e3o elegeu vereadores, teve 1694 votos (antes tinham sido 1687). O Livre teve os mesmos 806 votos, bem como o ADN com 192.<\/p>\n<p>Na assembleia municipal, o apuramento dos votos levou a mudan\u00e7as na distribui\u00e7\u00e3o dos eleitos. O Chega ficou no primeiro lugar com seis mandatos eleitos com 6046 votos \u2013 os mesmos que tinham antes sido contados. O &#8220;Montijo com Vis\u00e3o e Cora\u00e7\u00e3o&#8221; ficou em segundo, como tinha sido anunciado, mas com menos um eleito, tendo agora cinco mandatos a partir dos 6002 votos \u2013 o que foi at\u00e9 um aumento dos 5993 antes contabilizados. O PSD e a IL ficaram com 4023 votos (antes eram 4020) e quatro mandatos, tal como anteriormente.<\/p>\n<p>Com o apuramento, o PS acaba por ter mais um eleito na assembleia municipal: antes tinha tido 3963 votos e tr\u00eas mandatos e agora ficou com quatro mandatos a partir dos 4015 votos apurados. A CDU mant\u00e9m tamb\u00e9m um mandato com 1799 votos \u2013 antes eram 1834. O Livre tem tamb\u00e9m um eleito com 1031 votos \u2013 antes eram 1028.<\/p>\n<p>        &#13;<\/p>\n<p>&#13;<br \/>\n                &#13;\n            <\/p>\n<p>&#13;<\/p>\n<p>Embora com diferen\u00e7as em n\u00fameros de votos, <a href=\"https:\/\/www.publico.pt\/2025\/10\/13\/infografia\/mapa-interactivo-veja-votaram-freguesias-volta-875\" target=\"_blank\" rel=\"nofollow noopener\">nas assembleias de freguesia<\/a> mantiveram os eleitos anunciados: a Assembleia de Freguesia de Canha ficou com quatro da coliga\u00e7\u00e3o do PSD e da IL (vencedor), tr\u00eas do PS e dois do &#8220;Montijo com Vis\u00e3o e Cora\u00e7\u00e3o&#8221;; a de Sarilhos Grandes com tr\u00eas do &#8220;Montijo com Vis\u00e3o e Cora\u00e7\u00e3o&#8221; (vencedor), dois do Chega, dois do PS, um da CDU e um do PSD e da IL; a da Uni\u00e3o das Freguesias de Atalaia e Alto Estanqueiro-Jardia com tr\u00eas do Chega (vencedor), dois do PSD e da IL, dois do &#8220;Montijo com Vis\u00e3o e Cora\u00e7\u00e3o&#8221; e dois do PS; a da Uni\u00e3o das Freguesias de Montijo e Afonsoeiro com seis do &#8220;Montijo com Vis\u00e3o e Cora\u00e7\u00e3o&#8221; (vencedor), cinco do Chega, tr\u00eas do PSD e IL, tr\u00eas do PS, um do Livre e um da CDU; e na da Uni\u00e3o das Freguesias de Peg\u00f5es com tr\u00eas do &#8220;Montijo com Vis\u00e3o e Cora\u00e7\u00e3o&#8221; (vencedor), tr\u00eas do Chega, dois do PS e um do PSD e IL.<\/p>\n<p>Na quarta-feira, a ag\u00eancia Lusa noticiou que o Chega tinha pedido a recontagem na vota\u00e7\u00e3o das elei\u00e7\u00f5es aut\u00e1rquicas no Montijo por alegadas \u201cincongru\u00eancias na valida\u00e7\u00e3o dos votos\u201d, de acordo com o cabe\u00e7a de lista do partido \u00e0 c\u00e2mara municipal, Nuno Valente. Fonte do Gabinete da Presid\u00eancia da C\u00e2mara Municipal do Montijo confirmou \u00e0 Lusa que a recontagem de votos tinha tido in\u00edcio naquele dia e que deveria ser retomada no dia seguinte.<\/p>\n<p>T\u00edtulo e primeiro par\u00e1grafo alterados \u00e0s 18h26, para esclarecer que o que foi alterado foi a distribui\u00e7\u00e3o e n\u00e3o o n\u00famero de eleitos<\/p>\n","protected":false},"excerpt":{"rendered":"H\u00e1 mudan\u00e7as na distribui\u00e7\u00e3o de eleitos para a Assembleia Municipal do Montijo: em vez de tr\u00eas, o PS&hellip;\n","protected":false},"author":2,"featured_media":115612,"comment_status":"","ping_status":"","sticky":false,"template":"","format":"standard","meta":{"footnotes":""},"categories":[10],"tags":[2431,27,28,27128,15,16,14,25,26,352,21,22,26507,12,13,19,20,32,23,24,33,17,18,29,30,31],"class_list":{"0":"post-115611","1":"post","2":"type-post","3":"status-publish","4":"format-standard","5":"has-post-thumbnail","7":"category-portugal","8":"tag-autarquicas-2025","9":"tag-breaking-news","10":"tag-breakingnews","11":"tag-camara-do-montijo","12":"tag-featured-news","13":"tag-featurednews","14":"tag-headlines","15":"tag-latest-news","16":"tag-latestnews","17":"tag-local","18":"tag-main-news","19":"tag-mainnews","20":"tag-montijo","21":"tag-news","22":"tag-noticias","23":"tag-noticias-principais","24":"tag-noticiasprincipais","25":"tag-portugal","26":"tag-principais-noticias","27":"tag-principaisnoticias","28":"tag-pt","29":"tag-top-stories","30":"tag-topstories","31":"tag-ultimas","32":"tag-ultimas-noticias","33":"tag-ultimasnoticias"},"share_on_mastodon":{"url":"","error":""},"_links":{"self":[{"href":"https:\/\/www.europesays.com\/pt\/wp-json\/wp\/v2\/posts\/115611","targetHints":{"allow":["GET"]}}],"collection":[{"href":"https:\/\/www.europesays.com\/pt\/wp-json\/wp\/v2\/posts"}],"about":[{"href":"https:\/\/www.europesays.com\/pt\/wp-json\/wp\/v2\/types\/post"}],"author":[{"embeddable":true,"href":"https:\/\/www.europesays.com\/pt\/wp-json\/wp\/v2\/users\/2"}],"replies":[{"embeddable":true,"href":"https:\/\/www.europesays.com\/pt\/wp-json\/wp\/v2\/comments?post=115611"}],"version-history":[{"count":0,"href":"https:\/\/www.europesays.com\/pt\/wp-json\/wp\/v2\/posts\/115611\/revisions"}],"wp:featuredmedia":[{"embeddable":true,"href":"https:\/\/www.europesays.com\/pt\/wp-json\/wp\/v2\/media\/115612"}],"wp:attachment":[{"href":"https:\/\/www.europesays.com\/pt\/wp-json\/wp\/v2\/media?parent=115611"}],"wp:term":[{"taxonomy":"category","embeddable":true,"href":"https:\/\/www.europesays.com\/pt\/wp-json\/wp\/v2\/categories?post=115611"},{"taxonomy":"post_tag","embeddable":true,"href":"https:\/\/www.europesays.com\/pt\/wp-json\/wp\/v2\/tags?post=115611"}],"curies":[{"name":"wp","href":"https:\/\/api.w.org\/{rel}","templated":true}]}}