{"id":115616,"date":"2025-10-18T08:02:08","date_gmt":"2025-10-18T08:02:08","guid":{"rendered":"https:\/\/www.europesays.com\/pt\/115616\/"},"modified":"2025-10-18T08:02:08","modified_gmt":"2025-10-18T08:02:08","slug":"video-psg-arranca-empate-com-o-estrasburgo-num-jogo-de-loucos","status":"publish","type":"post","link":"https:\/\/www.europesays.com\/pt\/115616\/","title":{"rendered":"V\u00cdDEO: PSG arranca empate com o Estrasburgo num jogo de loucos"},"content":{"rendered":"<p style=\"margin-bottom:11px\">Com um onze alternativo no Parc des Princes, o Paris Saint-Germain teve de suar para conseguir um <a href=\"https:\/\/maisfutebol.iol.pt\/jogo\/psg\/strasbourg\/13826450\" target=\"_blank\" rel=\"nofollow noopener\"><strong>empate (3-3) diante do Estrasburgo, na 8.\u00aa jornada do campeonato franc\u00eas<\/strong><\/a>.<\/p>\n<p>Gon\u00e7alo Ramos foi o \u00fanico portugu\u00eas titular nos parisienses, enquanto Nuno Mendes s\u00f3 foi lan\u00e7ado para os descontos e Vitinha nem sequer saiu do banco. Ainda a recuperar de les\u00e3o, Jo\u00e3o Neves ficou de fora da ficha de jogo.<\/p>\n<p>O PSG colocou-se em vantagem logo aos seis minutos, por interm\u00e9dio de Bradley Barcola, ap\u00f3s uma jogada de entendimento com Desir\u00e9 Dou\u00e9.<\/p>\n<p>Estava tudo encaminhado para uma noite confort\u00e1vel dos campe\u00f5es europeus, mas os visitantes operaram a reviravolta ainda antes do intervalo. Aos 26 minutos, Joaquin Panichelli empatou a partida e, aos 41, foi o luso-belga Diego Moreira quem marcou, ap\u00f3s uma assist\u00eancia primorosa de Valent\u00edn Barco.<\/p>\n<blockquote class=\"twitter-tweet\" data-media-max-width=\"560\">\n<p lang=\"pt\">Diego Moreira completa a reviravolta no Parc des Princes \u2b50\ufe0f<a href=\"https:\/\/twitter.com\/hashtag\/sporttvportugal?src=hash&amp;ref_src=twsrc%5Etfw\" rel=\"nofollow noopener\" target=\"_blank\">#sporttvportugal<\/a> <a href=\"https:\/\/twitter.com\/hashtag\/LIGUE1nasporttv?src=hash&amp;ref_src=twsrc%5Etfw\" rel=\"nofollow noopener\" target=\"_blank\">#LIGUE1nasporttv<\/a> <a href=\"https:\/\/twitter.com\/hashtag\/Ligue1?src=hash&amp;ref_src=twsrc%5Etfw\" rel=\"nofollow noopener\" target=\"_blank\">#Ligue1<\/a> <a href=\"https:\/\/twitter.com\/hashtag\/PSG?src=hash&amp;ref_src=twsrc%5Etfw\" rel=\"nofollow noopener\" target=\"_blank\">#PSG<\/a> <a href=\"https:\/\/twitter.com\/hashtag\/Estrasburgo?src=hash&amp;ref_src=twsrc%5Etfw\" rel=\"nofollow noopener\" target=\"_blank\">#Estrasburgo<\/a> <a href=\"https:\/\/twitter.com\/hashtag\/bacanaplay?src=hash&amp;ref_src=twsrc%5Etfw\" rel=\"nofollow noopener\" target=\"_blank\">#bacanaplay<\/a> <a href=\"https:\/\/t.co\/TaolRWldjV\" rel=\"nofollow\">pic.twitter.com\/TaolRWldjV<\/a><\/p>\n<p> \u2014 sport tv (@sporttvportugal)<br \/>\n  <a href=\"https:\/\/twitter.com\/sporttvportugal\/status\/1979269085683675235?ref_src=twsrc%5Etfw\" rel=\"nofollow noopener\" target=\"_blank\">October 17, 2025<\/a>\n <\/p><\/blockquote>\n<p>Logo a abrir o segundo tempo, Panichelli (49m) bisou no encontro, a passe de Diego Moreira.<\/p>\n<p>No entanto, o PSG ainda reagiu e fez o 3-2 de pen\u00e1lti, por Gon\u00e7alo Ramos (58m). \u00c0 entrada para os \u00faltimos dez minutos da partida, Senny Mayulu garantiu um ponto para a equipa de Luis Enrique.<\/p>\n<blockquote class=\"twitter-tweet\" data-media-max-width=\"560\">\n<p lang=\"pt\">Gon\u00e7alo Ramos n\u00e3o perdoa \ud83d\udd2b<a href=\"https:\/\/twitter.com\/hashtag\/sporttvportugal?src=hash&amp;ref_src=twsrc%5Etfw\" rel=\"nofollow noopener\" target=\"_blank\">#sporttvportugal<\/a> <a href=\"https:\/\/twitter.com\/hashtag\/LIGUE1nasporttv?src=hash&amp;ref_src=twsrc%5Etfw\" rel=\"nofollow noopener\" target=\"_blank\">#LIGUE1nasporttv<\/a> <a href=\"https:\/\/twitter.com\/hashtag\/Ligue1?src=hash&amp;ref_src=twsrc%5Etfw\" rel=\"nofollow noopener\" target=\"_blank\">#Ligue1<\/a> <a href=\"https:\/\/twitter.com\/hashtag\/PSG?src=hash&amp;ref_src=twsrc%5Etfw\" rel=\"nofollow noopener\" target=\"_blank\">#PSG<\/a> <a href=\"https:\/\/twitter.com\/hashtag\/Estrasburgo?src=hash&amp;ref_src=twsrc%5Etfw\" rel=\"nofollow noopener\" target=\"_blank\">#Estrasburgo<\/a> <a href=\"https:\/\/twitter.com\/hashtag\/bacanaplay?src=hash&amp;ref_src=twsrc%5Etfw\" rel=\"nofollow noopener\" target=\"_blank\">#bacanaplay<\/a> <a href=\"https:\/\/t.co\/yb1NaFo9j6\" rel=\"nofollow\">pic.twitter.com\/yb1NaFo9j6<\/a><\/p>\n<p> \u2014 sport tv (@sporttvportugal)<br \/>\n  <a href=\"https:\/\/twitter.com\/sporttvportugal\/status\/1979284814734745735?ref_src=twsrc%5Etfw\" rel=\"nofollow noopener\" target=\"_blank\">October 17, 2025<\/a>\n <\/p><\/blockquote>\n<p>O PSG segue na lideran\u00e7a do campeonato franc\u00eas, com 17 pontos, mas pode ser ultrapassado ainda nesta jornada, tanto pelo Marselha, como pelo Lyon, de Paulo Fonseca.<\/p>\n<p>J\u00e1 o Estrasburgo, que contou com Rafael Lu\u00eds, cedido pelo Benfica, na condi\u00e7\u00e3o de suplente utilizado, est\u00e1 no segundo posto, com 16 pontos.<\/p>\n<p>                                <script async src=\"https:\/\/platform.twitter.com\/widgets.js\" charset=\"utf-8\"><\/script><\/p>\n","protected":false},"excerpt":{"rendered":"Com um onze alternativo no Parc des Princes, o Paris Saint-Germain teve de suar para conseguir um empate&hellip;\n","protected":false},"author":2,"featured_media":115617,"comment_status":"","ping_status":"","sticky":false,"template":"","format":"standard","meta":{"footnotes":""},"categories":[87],"tags":[135,10393,208,82,5433,436,46,8356,32,1758,33,47,527,8484,5434,5920,134],"class_list":{"0":"post-115616","1":"post","2":"type-post","3":"status-publish","4":"format-standard","5":"has-post-thumbnail","7":"category-desporto","8":"tag-desporto","9":"tag-estrasburgo","10":"tag-franca","11":"tag-internacional","12":"tag-jogos-hoje","13":"tag-made-in","14":"tag-maisfutebol","15":"tag-maisfutebol-resultados","16":"tag-portugal","17":"tag-psg","18":"tag-pt","19":"tag-pura-paixao","20":"tag-resultados","21":"tag-resultados-de-hoje","22":"tag-resultados-hoje","23":"tag-resultados-maisfutebol","24":"tag-sports"},"share_on_mastodon":{"url":"","error":""},"_links":{"self":[{"href":"https:\/\/www.europesays.com\/pt\/wp-json\/wp\/v2\/posts\/115616","targetHints":{"allow":["GET"]}}],"collection":[{"href":"https:\/\/www.europesays.com\/pt\/wp-json\/wp\/v2\/posts"}],"about":[{"href":"https:\/\/www.europesays.com\/pt\/wp-json\/wp\/v2\/types\/post"}],"author":[{"embeddable":true,"href":"https:\/\/www.europesays.com\/pt\/wp-json\/wp\/v2\/users\/2"}],"replies":[{"embeddable":true,"href":"https:\/\/www.europesays.com\/pt\/wp-json\/wp\/v2\/comments?post=115616"}],"version-history":[{"count":0,"href":"https:\/\/www.europesays.com\/pt\/wp-json\/wp\/v2\/posts\/115616\/revisions"}],"wp:featuredmedia":[{"embeddable":true,"href":"https:\/\/www.europesays.com\/pt\/wp-json\/wp\/v2\/media\/115617"}],"wp:attachment":[{"href":"https:\/\/www.europesays.com\/pt\/wp-json\/wp\/v2\/media?parent=115616"}],"wp:term":[{"taxonomy":"category","embeddable":true,"href":"https:\/\/www.europesays.com\/pt\/wp-json\/wp\/v2\/categories?post=115616"},{"taxonomy":"post_tag","embeddable":true,"href":"https:\/\/www.europesays.com\/pt\/wp-json\/wp\/v2\/tags?post=115616"}],"curies":[{"name":"wp","href":"https:\/\/api.w.org\/{rel}","templated":true}]}}