{"id":115620,"date":"2025-10-18T08:07:13","date_gmt":"2025-10-18T08:07:13","guid":{"rendered":"https:\/\/www.europesays.com\/pt\/115620\/"},"modified":"2025-10-18T08:07:13","modified_gmt":"2025-10-18T08:07:13","slug":"angola-cai-oito-posicoes-e-esta-entre-os-13-piores-no-indice-global-da-fome","status":"publish","type":"post","link":"https:\/\/www.europesays.com\/pt\/115620\/","title":{"rendered":"Angola cai oito posi\u00e7\u00f5es e est\u00e1 entre os 13 piores no \u00cdndice Global da Fome"},"content":{"rendered":"<p>Seman\u00e1rio Novo Jornal\/No Pa\u00eds, a fome continua a ser um problema \u201cs\u00e9rio\u201d <\/p>\n<p>Pa\u00eds ocupa a 111.\u00aa posi\u00e7\u00e3o entre 123 pa\u00edses avaliados no \u00cdndice Global da Fome 2025 e consta dentre as na\u00e7\u00f5es com os piores \u00edndices de fome. No Pa\u00eds, de acordo com o documento, 47,7% das crian\u00e7as sofrem de atraso no crescimento e mais de 22% dos cidad\u00e3os est\u00e3o subnutridos. Entre os lus\u00f3fonos, Angola tem o pior registo.<\/p>\n<p>Teresa Fukiady<\/p>\n<p>17 de Outubro\u00a02025 \u00e0s 13:58<\/p>\n<p>Angola caiu oito posi\u00e7\u00f5es no \u00cdndice Global da Fome (em ingl\u00eas Global Hunger Index &#8211; GHI) 2025, passando do 103.\u00ba lugar em 2024 para o 111.\u00ba este ano, e figura entre os 13 pa\u00edses com piores n\u00edveis de fome no mundo. De acordo com o relat\u00f3rio intitulado \u00cdndice Global da Fome de 2025: 20 anos de monitoramento do progresso: hora de renovar o compromisso com a fome zero, divulgado pela organiza\u00e7\u00e3o alem\u00e3 Welthungerhilfe e pela irlandesa Concern Worldwide, com 29,7 pontos, Angola continua no grupo de na\u00e7\u00f5es com n\u00edveis s\u00e9rios de fome.<\/p>\n<p>Apesar dos progressos registados nas \u00faltimas duas d\u00e9cadas &#8211; quando a situa\u00e7\u00e3o era considerada &#8220;alarmante&#8221; -, no ano passado o Pa\u00eds regrediu num dos indicadores sociais mais sens\u00edveis: a desnutri\u00e7\u00e3o infantil. Os dados mais recentes do GHI consultados pelo Novo Jornal revelam \u00edndices alarmantes de desnutri\u00e7\u00e3o infantil: quase metade das crian\u00e7as menores de cinco anos (47,7%) no Pa\u00eds sofre de atraso no crescimento devido a uma m\u00e1 alimenta\u00e7\u00e3o. Trata-se de um aumento de quase 50%, face aos indicadores registados em 2023 (32,1%). Para al\u00e9m disso, 5,1% das crian\u00e7as enfrentam desnutri\u00e7\u00e3o aguda e 6,7% morrem antes de completar cinco anos. No geral, 22,5% da popula\u00e7\u00e3o, mais de oito milh\u00f5es de habitantes, vive em situa\u00e7\u00e3o de subnutri\u00e7\u00e3o.<\/p>\n<p>Com esta classifica\u00e7\u00e3o, Angola mant\u00e9m-se entre os pa\u00edses com n\u00edveis de fome considerados graves e ainda distantes das metas globais de erradica\u00e7\u00e3o da fome at\u00e9 2030.<\/p>\n<p><strong>Leia este artigo na \u00edntegra na edi\u00e7\u00e3o semanal do Novo Jornal, nas bancas, ou atrav\u00e9s de assinatura digital, pag\u00e1vel no Multicaixa. Siga o link: <a href=\"https:\/\/reader.novavaga.co.ao\/\" target=\"_blank\" rel=\"nofollow noopener\">https:\/\/reader.novavaga.co.ao\/<\/a><\/strong><\/p>\n","protected":false},"excerpt":{"rendered":"Seman\u00e1rio Novo Jornal\/No Pa\u00eds, a fome continua a ser um problema \u201cs\u00e9rio\u201d Pa\u00eds ocupa a 111.\u00aa posi\u00e7\u00e3o entre&hellip;\n","protected":false},"author":2,"featured_media":115621,"comment_status":"","ping_status":"","sticky":false,"template":"","format":"standard","meta":{"footnotes":""},"categories":[50],"tags":[2992,2713,836,1063,1753,3003,2995,27,28,470,1195,315,135,3005,476,2993,2258,1169,15,16,2085,524,3002,3000,643,14,2998,2086,1856,82,2513,1428,25,26,2996,2994,2997,21,22,606,3001,62,150,619,12,718,2990,13,19,20,2991,2989,835,602,52,32,23,24,2999,548,679,58,2387,218,605,17,18,151,29,30,31,578,63,64,65,3004],"class_list":{"0":"post-115620","1":"post","2":"type-post","3":"status-publish","4":"format-standard","5":"has-post-thumbnail","7":"category-mundo","8":"tag-actualidade","9":"tag-africa","10":"tag-analise","11":"tag-angola","12":"tag-artes","13":"tag-assinatura","14":"tag-benguela","15":"tag-breaking-news","16":"tag-breakingnews","17":"tag-cinema","18":"tag-concerto","19":"tag-cultura","20":"tag-desporto","21":"tag-download","22":"tag-economia","23":"tag-editorial","24":"tag-eleicoes","25":"tag-facebook","26":"tag-featured-news","27":"tag-featurednews","28":"tag-fotografia","29":"tag-futebol","30":"tag-galeria","31":"tag-girabola","32":"tag-google","33":"tag-headlines","34":"tag-huambo","35":"tag-imagem","36":"tag-informacao","37":"tag-internacional","38":"tag-jornal","39":"tag-jornalismo","40":"tag-latest-news","41":"tag-latestnews","42":"tag-lobito","43":"tag-luanda","44":"tag-lubango","45":"tag-main-news","46":"tag-mainnews","47":"tag-meteorologia","48":"tag-multimedia","49":"tag-mundo","50":"tag-musica","51":"tag-nacional","52":"tag-news","53":"tag-newsletter","54":"tag-nj","55":"tag-noticias","56":"tag-noticias-principais","57":"tag-noticiasprincipais","58":"tag-nova-vaga","59":"tag-novo-jornal","60":"tag-opiniao","61":"tag-pais","62":"tag-politica","63":"tag-portugal","64":"tag-principais-noticias","65":"tag-principaisnoticias","66":"tag-provincias","67":"tag-redes-sociais","68":"tag-reportagem","69":"tag-sociedade","70":"tag-teatro","71":"tag-televisao","72":"tag-tempo","73":"tag-top-stories","74":"tag-topstories","75":"tag-tv","76":"tag-ultimas","77":"tag-ultimas-noticias","78":"tag-ultimasnoticias","79":"tag-video","80":"tag-world","81":"tag-world-news","82":"tag-worldnews","83":"tag-youtube"},"share_on_mastodon":{"url":"","error":""},"_links":{"self":[{"href":"https:\/\/www.europesays.com\/pt\/wp-json\/wp\/v2\/posts\/115620","targetHints":{"allow":["GET"]}}],"collection":[{"href":"https:\/\/www.europesays.com\/pt\/wp-json\/wp\/v2\/posts"}],"about":[{"href":"https:\/\/www.europesays.com\/pt\/wp-json\/wp\/v2\/types\/post"}],"author":[{"embeddable":true,"href":"https:\/\/www.europesays.com\/pt\/wp-json\/wp\/v2\/users\/2"}],"replies":[{"embeddable":true,"href":"https:\/\/www.europesays.com\/pt\/wp-json\/wp\/v2\/comments?post=115620"}],"version-history":[{"count":0,"href":"https:\/\/www.europesays.com\/pt\/wp-json\/wp\/v2\/posts\/115620\/revisions"}],"wp:featuredmedia":[{"embeddable":true,"href":"https:\/\/www.europesays.com\/pt\/wp-json\/wp\/v2\/media\/115621"}],"wp:attachment":[{"href":"https:\/\/www.europesays.com\/pt\/wp-json\/wp\/v2\/media?parent=115620"}],"wp:term":[{"taxonomy":"category","embeddable":true,"href":"https:\/\/www.europesays.com\/pt\/wp-json\/wp\/v2\/categories?post=115620"},{"taxonomy":"post_tag","embeddable":true,"href":"https:\/\/www.europesays.com\/pt\/wp-json\/wp\/v2\/tags?post=115620"}],"curies":[{"name":"wp","href":"https:\/\/api.w.org\/{rel}","templated":true}]}}