{"id":115632,"date":"2025-10-18T08:22:17","date_gmt":"2025-10-18T08:22:17","guid":{"rendered":"https:\/\/www.europesays.com\/pt\/115632\/"},"modified":"2025-10-18T08:22:17","modified_gmt":"2025-10-18T08:22:17","slug":"morte-de-turista-em-cascais-suspeito-de-homicidio-fica-em-prisao-preventiva","status":"publish","type":"post","link":"https:\/\/www.europesays.com\/pt\/115632\/","title":{"rendered":"Morte de turista em Cascais. Suspeito de homic\u00eddio fica em pris\u00e3o preventiva"},"content":{"rendered":"<p>&#13;<br \/>\nO homem foi ouvido na quinta-feira no Tribunal de Cascais e as medidas de coa\u00e7\u00e3o foram conhecidas esta sexta-feira.\u00a0&#13;\n<\/p>\n<p>&#13;<br \/>\n<b>A vitima mortal tinha 35 anos e estava com outro turista norte-americano, que sofreu ferimentos graves. Ambos foram esfaqueados na sequ\u00eancia de uma alterca\u00e7\u00e3o \u00e0 sa\u00edda de um bar.<\/b>&#13;\n<\/p>\n<p>&#13;<br \/>\nEm comunicado, <b>a Pol\u00edcia Judici\u00e1ria adiantou que recolheu provas testemunhais, documentais e periciais que sustentam a deten\u00e7\u00e3o do agressor e que estar\u00e3o agora na origem da aplica\u00e7\u00e3o da medida de coa\u00e7\u00e3o mais grave.<\/b>&#13;\n<\/p>\n<p>&#13;<br \/>\nAdiantou tamb\u00e9m que a alterca\u00e7\u00e3o se gerou &#8220;por motivos aparentemente f\u00fateis entre o agressor e as duas v\u00edtimas, inicialmente apenas de forma verbal e depois com agress\u00f5es f\u00edsicas&#8221;.&#13;\n<\/p>\n<p>&#13;<br \/>\nO arguido usou ent\u00e3o &#8220;uma arma\u00a0branca que mantinha guardada no interior do ve\u00edculo autom\u00f3vel que utilizava, para atingir com gravidade as duas v\u00edtimas&#8221;.&#13;\n<\/p>\n<p>&#13;<br \/>\n<b>A v\u00edtima mortal morreu no local e o cidad\u00e3o que sofreu ferimentos graves foi transportado para o Hospital de Santa Maria, em Lisboa, onde permanece internado &#8220;em estado grave, mas est\u00e1vel&#8221;.\u00a0<\/b>&#13;<\/p>\n","protected":false},"excerpt":{"rendered":"&#13; O homem foi ouvido na quinta-feira no Tribunal de Cascais e as medidas de coa\u00e7\u00e3o foram conhecidas&hellip;\n","protected":false},"author":2,"featured_media":115633,"comment_status":"","ping_status":"","sticky":false,"template":"","format":"standard","meta":{"footnotes":""},"categories":[10],"tags":[27,28,4644,15,16,14,5564,25,26,21,22,12,13,19,20,32,23,24,33,17,18,27129,29,30,31],"class_list":{"0":"post-115632","1":"post","2":"type-post","3":"status-publish","4":"format-standard","5":"has-post-thumbnail","7":"category-portugal","8":"tag-breaking-news","9":"tag-breakingnews","10":"tag-cascais","11":"tag-featured-news","12":"tag-featurednews","13":"tag-headlines","14":"tag-homicidio","15":"tag-latest-news","16":"tag-latestnews","17":"tag-main-news","18":"tag-mainnews","19":"tag-news","20":"tag-noticias","21":"tag-noticias-principais","22":"tag-noticiasprincipais","23":"tag-portugal","24":"tag-principais-noticias","25":"tag-principaisnoticias","26":"tag-pt","27":"tag-top-stories","28":"tag-topstories","29":"tag-turista","30":"tag-ultimas","31":"tag-ultimas-noticias","32":"tag-ultimasnoticias"},"share_on_mastodon":{"url":"","error":""},"_links":{"self":[{"href":"https:\/\/www.europesays.com\/pt\/wp-json\/wp\/v2\/posts\/115632","targetHints":{"allow":["GET"]}}],"collection":[{"href":"https:\/\/www.europesays.com\/pt\/wp-json\/wp\/v2\/posts"}],"about":[{"href":"https:\/\/www.europesays.com\/pt\/wp-json\/wp\/v2\/types\/post"}],"author":[{"embeddable":true,"href":"https:\/\/www.europesays.com\/pt\/wp-json\/wp\/v2\/users\/2"}],"replies":[{"embeddable":true,"href":"https:\/\/www.europesays.com\/pt\/wp-json\/wp\/v2\/comments?post=115632"}],"version-history":[{"count":0,"href":"https:\/\/www.europesays.com\/pt\/wp-json\/wp\/v2\/posts\/115632\/revisions"}],"wp:featuredmedia":[{"embeddable":true,"href":"https:\/\/www.europesays.com\/pt\/wp-json\/wp\/v2\/media\/115633"}],"wp:attachment":[{"href":"https:\/\/www.europesays.com\/pt\/wp-json\/wp\/v2\/media?parent=115632"}],"wp:term":[{"taxonomy":"category","embeddable":true,"href":"https:\/\/www.europesays.com\/pt\/wp-json\/wp\/v2\/categories?post=115632"},{"taxonomy":"post_tag","embeddable":true,"href":"https:\/\/www.europesays.com\/pt\/wp-json\/wp\/v2\/tags?post=115632"}],"curies":[{"name":"wp","href":"https:\/\/api.w.org\/{rel}","templated":true}]}}