{"id":115634,"date":"2025-10-18T08:23:12","date_gmt":"2025-10-18T08:23:12","guid":{"rendered":"https:\/\/www.europesays.com\/pt\/115634\/"},"modified":"2025-10-18T08:23:12","modified_gmt":"2025-10-18T08:23:12","slug":"conceicao-pede-mudancas-drasticas-no-al-ittihad-espirito-nao-e-suficiente","status":"publish","type":"post","link":"https:\/\/www.europesays.com\/pt\/115634\/","title":{"rendered":"Concei\u00e7\u00e3o pede mudan\u00e7as dr\u00e1sticas no Al Ittihad: \u00abEsp\u00edrito n\u00e3o \u00e9 suficiente&#8230;\u00bb"},"content":{"rendered":"<p>Como seria de esperar, S\u00e9rgio Concei\u00e7\u00e3o ficou bastante insatisfeito com o empate a uma bola na sua estreia pelo <a class=\"autolink-enabled\" data-resource-id=\"5877\" data-resource-type=\"team\" data-sport=\"football\" href=\"https:\/\/www.abola.pt\/futebol\/al-ittihad-5877\" rel=\"nofollow noopener\" target=\"_blank\">Al Ittihad<\/a>, em casa do Al Fayha, de Pedro Emanuel, e mostrou essa frustra\u00e7\u00e3o no final do jogo, pedindo mudan\u00e7as dr\u00e1sticas aos seus jogadores nos pr\u00f3ximos dias.<\/p>\n<p>\u00abCheguei h\u00e1 pouco tempo e precisamos mudar muitas coisas, incluindo a prepara\u00e7\u00e3o f\u00edsica. N\u00e3o posso mudar tudo. No nosso n\u00edvel atual, vamos ter dificuldades. O esp\u00edrito n\u00e3o \u00e9 suficiente e h\u00e1 quest\u00f5es t\u00e1ticas nas quais precisamos trabalhar\u00bb, come\u00e7ou por dizer o t\u00e9cnico portugu\u00eas, em confer\u00eancia de imprensa, comentando a grande penalidade falhada por <a class=\"autolink-enabled\" data-resource-id=\"3417\" data-resource-type=\"player\" data-sport=\"football\" href=\"https:\/\/www.abola.pt\/futebol\/jogador\/benzema-3417\" rel=\"nofollow noopener\" target=\"_blank\">Benzema<\/a> nos minutos finais, que daria a vit\u00f3ria.<\/p>\n<p>\u00abA decis\u00e3o de escolher o cobrador fica a cargo dos jogadores, eles decidem entre si. Eles chegam a um acordo entre si, e tenho tr\u00eas jogadores capazes de cobrar pen\u00e1ltis\u00bb, explicou, abordando tamb\u00e9m as suas altera\u00e7\u00f5es ao longo da partida e duas ao intervalo, revelando que uma delas aconteceu devido a uma contus\u00e3o grave de Moaz Fakihi, mas n\u00e3o s\u00f3.<\/p>\n<p>\u00abFiz isso por causa de uma mudan\u00e7a na t\u00e1tica. Vimos que a equipa estava diferente no segundo tempo e teve muitos ataques\u00bb, finalizou, elogiando a capacidade do advers\u00e1rio no contra-ataque.<\/p>\n","protected":false},"excerpt":{"rendered":"Como seria de esperar, S\u00e9rgio Concei\u00e7\u00e3o ficou bastante insatisfeito com o empate a uma bola na sua estreia&hellip;\n","protected":false},"author":2,"featured_media":115635,"comment_status":"","ping_status":"","sticky":false,"template":"","format":"standard","meta":{"footnotes":""},"categories":[8],"tags":[27,28,15,16,14,25,26,21,22,12,13,19,20,32,23,24,33,17,18,29,30,31],"class_list":{"0":"post-115634","1":"post","2":"type-post","3":"status-publish","4":"format-standard","5":"has-post-thumbnail","7":"category-principais-noticias","8":"tag-breaking-news","9":"tag-breakingnews","10":"tag-featured-news","11":"tag-featurednews","12":"tag-headlines","13":"tag-latest-news","14":"tag-latestnews","15":"tag-main-news","16":"tag-mainnews","17":"tag-news","18":"tag-noticias","19":"tag-noticias-principais","20":"tag-noticiasprincipais","21":"tag-portugal","22":"tag-principais-noticias","23":"tag-principaisnoticias","24":"tag-pt","25":"tag-top-stories","26":"tag-topstories","27":"tag-ultimas","28":"tag-ultimas-noticias","29":"tag-ultimasnoticias"},"share_on_mastodon":{"url":"","error":""},"_links":{"self":[{"href":"https:\/\/www.europesays.com\/pt\/wp-json\/wp\/v2\/posts\/115634","targetHints":{"allow":["GET"]}}],"collection":[{"href":"https:\/\/www.europesays.com\/pt\/wp-json\/wp\/v2\/posts"}],"about":[{"href":"https:\/\/www.europesays.com\/pt\/wp-json\/wp\/v2\/types\/post"}],"author":[{"embeddable":true,"href":"https:\/\/www.europesays.com\/pt\/wp-json\/wp\/v2\/users\/2"}],"replies":[{"embeddable":true,"href":"https:\/\/www.europesays.com\/pt\/wp-json\/wp\/v2\/comments?post=115634"}],"version-history":[{"count":0,"href":"https:\/\/www.europesays.com\/pt\/wp-json\/wp\/v2\/posts\/115634\/revisions"}],"wp:featuredmedia":[{"embeddable":true,"href":"https:\/\/www.europesays.com\/pt\/wp-json\/wp\/v2\/media\/115635"}],"wp:attachment":[{"href":"https:\/\/www.europesays.com\/pt\/wp-json\/wp\/v2\/media?parent=115634"}],"wp:term":[{"taxonomy":"category","embeddable":true,"href":"https:\/\/www.europesays.com\/pt\/wp-json\/wp\/v2\/categories?post=115634"},{"taxonomy":"post_tag","embeddable":true,"href":"https:\/\/www.europesays.com\/pt\/wp-json\/wp\/v2\/tags?post=115634"}],"curies":[{"name":"wp","href":"https:\/\/api.w.org\/{rel}","templated":true}]}}