{"id":115636,"date":"2025-10-18T08:24:18","date_gmt":"2025-10-18T08:24:18","guid":{"rendered":"https:\/\/www.europesays.com\/pt\/115636\/"},"modified":"2025-10-18T08:24:18","modified_gmt":"2025-10-18T08:24:18","slug":"maria-vieira-recebe-ameacas-de-morte-de-colegas-com-quem-trabalhou-e-que-frequentaram-a-sua-casa-e-grave","status":"publish","type":"post","link":"https:\/\/www.europesays.com\/pt\/115636\/","title":{"rendered":"Maria Vieira &#8211; Recebe amea\u00e7as de morte de colegas com quem trabalhou e que frequentaram a sua casa: &#8220;\u00c9 grave&#8230;&#8221;"},"content":{"rendered":"<p><strong>Maria Vieira<\/strong> foi a convidada mais recente do podcast <a href=\"https:\/\/www.youtube.com\/watch?v=cvFn1kWzIZQ&amp;t=1684s\" rel=\"nofollow noopener\" target=\"_blank\">&#8216;Trocar uma Ideia&#8217;<\/a>, de<strong> Filipe Vilarinho<\/strong>, onde falou sem filtros sobre a forma como a sua vida mudou desde 2016. A atriz contou que os ataques come\u00e7aram ap\u00f3s ter manifestado publicamente o seu apoio a <strong>Donald Trump<\/strong>, aquando da sua primeira vit\u00f3ria nas elei\u00e7\u00f5es presidenciais dos Estados Unidos.<\/p>\n<p>Desde ent\u00e3o, Maria Vieira garante que tem sido alvo de insultos e at\u00e9 de amea\u00e7as de morte,\u00a0\u00a0algumas, segundo afirma, <strong>vindas de pessoas com quem chegou a trabalhar e a conviver de perto<\/strong>.<strong> \u201cEu at\u00e9 tenho amea\u00e7as de morte, tenho muitas, mas tenho amea\u00e7as de morte de colegas que trabalharam anos comigo. \u00c9 grave, sabes? Depois dizem, a Maria est\u00e1 revoltada. Ep\u00e1, se calhar&#8230;\u201d<\/strong>, desabafou.<\/p>\n<p>A atriz revelou ainda um epis\u00f3dio que a deixou especialmente abalada. <strong>\u201cPor acaso tive pena que a mandei abaixo. Que me dizia o seguinte: \u2018Ep\u00e1, \u00f3 Maria, sabes muito bem que eu sei onde \u00e9 que tu moras\u2019. E, realmente, era uma pessoa (&#8230;) ainda por cima, era uma das pessoas que, de vez em quando, iam \u00e0 minha casa\u201d, contou, explicando que a mensagem terminava com uma amea\u00e7a direta: \u201c\u2018Quando tu um dia estiveres a sair de casa, eu posso ir a passar de carro. Isto \u00e9 o qu\u00ea?\u2019\u201d<\/strong>, relatou, visivelmente incomodada.<\/p>\n<p>Apesar de tudo, Maria Vieira mostrou-se determinada em continuar a expressar as suas opini\u00f5es, sem se deixar intimidar pelas cr\u00edticas ou pelos ataques pessoais.<\/p>\n<p>Texto: Tiago Miguel Sim\u00f5es; Foto: DR<\/p>\n<p class=\"intagram-text\">Siga a Nova Gente no Instagram<\/p>\n<p>                        <a href=\"https:\/\/www.instagram.com\/revistanovagente\/\" target=\"_blank\" aria-label=\"instagram\" rel=\"noopener nofollow\"><img decoding=\"async\" style=\"display: block; margin-left: auto; margin-right: auto; width: 250px; height: 83px;\" src=\"https:\/\/www.europesays.com\/pt\/wp-content\/uploads\/2025\/10\/Instagram_NG.png\" alt=\"instagram\"\/><\/a><br \/>\n                    <script async src=\"\/\/www.instagram.com\/embed.js\"><\/script><\/p>\n","protected":false},"excerpt":{"rendered":"Maria Vieira foi a convidada mais recente do podcast &#8216;Trocar uma Ideia&#8217;, de Filipe Vilarinho, onde falou sem&hellip;\n","protected":false},"author":2,"featured_media":115637,"comment_status":"","ping_status":"","sticky":false,"template":"","format":"standard","meta":{"footnotes":""},"categories":[145],"tags":[27131,211,210,114,115,22946,222,27130,32,33],"class_list":{"0":"post-115636","1":"post","2":"type-post","3":"status-publish","4":"format-standard","5":"has-post-thumbnail","7":"category-celebridades","8":"tag-ameacas","9":"tag-celebridades","10":"tag-celebrities","11":"tag-entertainment","12":"tag-entretenimento","13":"tag-herman-jose","14":"tag-humor","15":"tag-maria-vieira","16":"tag-portugal","17":"tag-pt"},"share_on_mastodon":{"url":"","error":""},"_links":{"self":[{"href":"https:\/\/www.europesays.com\/pt\/wp-json\/wp\/v2\/posts\/115636","targetHints":{"allow":["GET"]}}],"collection":[{"href":"https:\/\/www.europesays.com\/pt\/wp-json\/wp\/v2\/posts"}],"about":[{"href":"https:\/\/www.europesays.com\/pt\/wp-json\/wp\/v2\/types\/post"}],"author":[{"embeddable":true,"href":"https:\/\/www.europesays.com\/pt\/wp-json\/wp\/v2\/users\/2"}],"replies":[{"embeddable":true,"href":"https:\/\/www.europesays.com\/pt\/wp-json\/wp\/v2\/comments?post=115636"}],"version-history":[{"count":0,"href":"https:\/\/www.europesays.com\/pt\/wp-json\/wp\/v2\/posts\/115636\/revisions"}],"wp:featuredmedia":[{"embeddable":true,"href":"https:\/\/www.europesays.com\/pt\/wp-json\/wp\/v2\/media\/115637"}],"wp:attachment":[{"href":"https:\/\/www.europesays.com\/pt\/wp-json\/wp\/v2\/media?parent=115636"}],"wp:term":[{"taxonomy":"category","embeddable":true,"href":"https:\/\/www.europesays.com\/pt\/wp-json\/wp\/v2\/categories?post=115636"},{"taxonomy":"post_tag","embeddable":true,"href":"https:\/\/www.europesays.com\/pt\/wp-json\/wp\/v2\/tags?post=115636"}],"curies":[{"name":"wp","href":"https:\/\/api.w.org\/{rel}","templated":true}]}}