{"id":115640,"date":"2025-10-18T08:31:08","date_gmt":"2025-10-18T08:31:08","guid":{"rendered":"https:\/\/www.europesays.com\/pt\/115640\/"},"modified":"2025-10-18T08:31:08","modified_gmt":"2025-10-18T08:31:08","slug":"saude-realiza-dia-de-multivacinacao-para-criancas-18-10-2025-equilibrio-e-saude","status":"publish","type":"post","link":"https:\/\/www.europesays.com\/pt\/115640\/","title":{"rendered":"Sa\u00fade realiza dia de multivacina\u00e7\u00e3o para crian\u00e7as &#8211; 18\/10\/2025 &#8211; Equil\u00edbrio e Sa\u00fade"},"content":{"rendered":"<p>O<a href=\"https:\/\/www1.folha.uol.com.br\/folha-topicos\/ministerio-da-saude\/\" rel=\"nofollow noopener\" target=\"\"> Minist\u00e9rio da Sa\u00fade <\/a>realiza neste s\u00e1bado (18), em parceria com estados e munic\u00edpios, o Dia D nacional de <a href=\"https:\/\/www1.folha.uol.com.br\/folha-topicos\/vacinacao\/\" rel=\"nofollow noopener\" target=\"\">multivacina\u00e7\u00e3o<\/a> para atualizar a caderneta de crian\u00e7as e adolescentes menores de 15 anos. A a\u00e7\u00e3o integra a <a href=\"https:\/\/www1.folha.uol.com.br\/equilibrioesaude\/2025\/10\/sus-lanca-campanha-para-vacinacao-de-criancas-e-adolescentes-de-ate-15-anos.shtml\" rel=\"nofollow noopener\" target=\"\">Campanha Nacional de Multivacina\u00e7\u00e3o<\/a> e tem como tema: &#8220;vacinar \u00e9 cuidar de quem voc\u00ea ama \u2014 Vacinar \u00e9 a nossa for\u00e7a&#8221;.<\/p>\n<p>Estar\u00e3o dispon\u00edveis mais de 15 vacinas, conforme o Calend\u00e1rio Nacional de Vacina\u00e7\u00e3o. Para atualizar a caderneta, pais e respons\u00e1veis devem levar as crian\u00e7as e adolescentes a uma UBS (unidade b\u00e1sica de sa\u00fade). Ao todo, 22 milh\u00f5es de doses foram distribu\u00eddas.<\/p>\n<p>Durante a mobiliza\u00e7\u00e3o, mais de 30 mil salas de vacina\u00e7\u00e3o estar\u00e3o abertas em todo o pa\u00eds para atender a popula\u00e7\u00e3o. A vacina\u00e7\u00e3o \u00e9 gratuita.<\/p>\n<p>Segundo o Minist\u00e9rio da Sa\u00fade, os pais podem acompanhar a situa\u00e7\u00e3o vacinal das crian\u00e7as e adolescentes pelo aplicativo <a href=\"https:\/\/meususdigital.saude.gov.br\/login\" rel=\"nofollow noopener\" target=\"_blank\">Meu SUS Digital<\/a>, que disponibiliza alertas sobre pr\u00f3ximas doses, lembretes e atualiza\u00e7\u00f5es em tempo real. O sistema tamb\u00e9m permite verificar quais vacinas j\u00e1 foram aplicadas e quais ainda est\u00e3o pendentes.<\/p>\n<p>Aa\u00e7\u00e3o \u00e9 voltada para crian\u00e7as e adolescentes menores de 15 anos. Durante o Dia D e ao longo da campanha, que vai at\u00e9 31 de outubro, estar\u00e3o dispon\u00edveis as vacinas:<\/p>\n<ul>&#13;<\/p>\n<li>BCG<\/li>\n<p>&#13;<\/p>\n<li>Hepatite B<\/li>\n<p>&#13;<\/p>\n<li>Penta (DTP\/Hib\/HB)<\/li>\n<p>&#13;<\/p>\n<li>Poliomielite inativada<\/li>\n<p>&#13;<\/p>\n<li>Rotav\u00edrus<\/li>\n<p>&#13;<\/p>\n<li>Pneumoc\u00f3cica 10-valente (conjugada)<\/li>\n<p>&#13;<\/p>\n<li>Meningoc\u00f3cica C (conjugada)<\/li>\n<p>&#13;<\/p>\n<li>Meningoc\u00f3cica ACWY (conjugada)<\/li>\n<p>&#13;<\/p>\n<li>Influenza<\/li>\n<p>&#13;<\/p>\n<li>Covid-19<\/li>\n<p>&#13;<\/p>\n<li>Febre amarela<\/li>\n<p>&#13;<\/p>\n<li>Tr\u00edplice viral (sarampo, caxumba e rub\u00e9ola)<\/li>\n<p>&#13;<\/p>\n<li>Varicela<\/li>\n<p>&#13;<\/p>\n<li>DTP<\/li>\n<p>&#13;<\/p>\n<li>Hepatite A<\/li>\n<p>&#13;\n<\/ul>\n<p>No in\u00edcio de outubro, durante o lan\u00e7amento da<a href=\"https:\/\/www1.folha.uol.com.br\/equilibrioesaude\/2025\/10\/sus-lanca-campanha-para-vacinacao-de-criancas-e-adolescentes-de-ate-15-anos.shtml\" rel=\"nofollow noopener\" target=\"\"> campanha para vacina\u00e7\u00e3o de crian\u00e7as e adolescentes<\/a>, o Minist\u00e9rio da Sa\u00fade afirmou que refor\u00e7ar\u00e1 a vacina\u00e7\u00e3o contra o <a href=\"https:\/\/www1.folha.uol.com.br\/equilibrioesaude\/2025\/04\/sao-paulo-registra-1o-caso-de-sarampo-de-2025.shtml\" rel=\"nofollow noopener\" target=\"\">sarampo<\/a>, diante da escalada de casos na Am\u00e9rica do Norte. &#8220;Al\u00e9m disso, haver\u00e1 resgate de n\u00e3o vacinados contra o HPV na faixa et\u00e1ria de 15 a 19 anos&#8221;, afirma a pasta.<\/p>\n<p>Nos estados de S\u00e3o Paulo, Rio de Janeiro, Minas Gerais e Paran\u00e1, a pasta recomenda a intensifica\u00e7\u00e3o da vacina\u00e7\u00e3o contra a <a href=\"https:\/\/www1.folha.uol.com.br\/folha-topicos\/febre-amarela\/\" rel=\"nofollow noopener\" target=\"\">febre amarela<\/a>.<\/p>\n<p>A pasta afirma que destinou R$ 7,7 bilh\u00f5es para a compra de vacinas em 2025. S\u00e3o mais de 50 imunobiol\u00f3gicos, soros e outros produtos ofertados em 36 mil salas de vacina\u00e7\u00e3o.<\/p>\n<p>    Cuide-se<\/p>\n<p class=\"c-newsletter__subtitle\">Ci\u00eancia, h\u00e1bitos e preven\u00e7\u00e3o numa newsletter para a sua sa\u00fade e bem-estar<\/p>\n","protected":false},"excerpt":{"rendered":"O Minist\u00e9rio da Sa\u00fade realiza neste s\u00e1bado (18), em parceria com estados e munic\u00edpios, o Dia D nacional&hellip;\n","protected":false},"author":2,"featured_media":99856,"comment_status":"","ping_status":"","sticky":false,"template":"","format":"standard","meta":{"footnotes":""},"categories":[86],"tags":[4480,236,116,12231,11291,1208,1703,32,33,1670,117,896,1333,2820],"class_list":{"0":"post-115640","1":"post","2":"type-post","3":"status-publish","4":"format-standard","5":"has-post-thumbnail","7":"category-saude","8":"tag-febre-amarela","9":"tag-folha","10":"tag-health","11":"tag-hpv","12":"tag-imunobiologicos","13":"tag-medicina","14":"tag-ministerio-da-saude","15":"tag-portugal","16":"tag-pt","17":"tag-sarampo","18":"tag-saude","19":"tag-saude-publica","20":"tag-vacina","21":"tag-vacinacao"},"share_on_mastodon":{"url":"","error":""},"_links":{"self":[{"href":"https:\/\/www.europesays.com\/pt\/wp-json\/wp\/v2\/posts\/115640","targetHints":{"allow":["GET"]}}],"collection":[{"href":"https:\/\/www.europesays.com\/pt\/wp-json\/wp\/v2\/posts"}],"about":[{"href":"https:\/\/www.europesays.com\/pt\/wp-json\/wp\/v2\/types\/post"}],"author":[{"embeddable":true,"href":"https:\/\/www.europesays.com\/pt\/wp-json\/wp\/v2\/users\/2"}],"replies":[{"embeddable":true,"href":"https:\/\/www.europesays.com\/pt\/wp-json\/wp\/v2\/comments?post=115640"}],"version-history":[{"count":0,"href":"https:\/\/www.europesays.com\/pt\/wp-json\/wp\/v2\/posts\/115640\/revisions"}],"wp:featuredmedia":[{"embeddable":true,"href":"https:\/\/www.europesays.com\/pt\/wp-json\/wp\/v2\/media\/99856"}],"wp:attachment":[{"href":"https:\/\/www.europesays.com\/pt\/wp-json\/wp\/v2\/media?parent=115640"}],"wp:term":[{"taxonomy":"category","embeddable":true,"href":"https:\/\/www.europesays.com\/pt\/wp-json\/wp\/v2\/categories?post=115640"},{"taxonomy":"post_tag","embeddable":true,"href":"https:\/\/www.europesays.com\/pt\/wp-json\/wp\/v2\/tags?post=115640"}],"curies":[{"name":"wp","href":"https:\/\/api.w.org\/{rel}","templated":true}]}}