{"id":115654,"date":"2025-10-18T08:49:18","date_gmt":"2025-10-18T08:49:18","guid":{"rendered":"https:\/\/www.europesays.com\/pt\/115654\/"},"modified":"2025-10-18T08:49:18","modified_gmt":"2025-10-18T08:49:18","slug":"trabalhar-13-horas-por-dia-parlamento-grego-aprova-lei-laboral-polemica","status":"publish","type":"post","link":"https:\/\/www.europesays.com\/pt\/115654\/","title":{"rendered":"Trabalhar 13 horas por dia: Parlamento grego aprova lei laboral pol\u00e9mica"},"content":{"rendered":"<p class=\"category\"><a href=\"https:\/\/sicnoticias.pt\/mundo\" rel=\"nofollow noopener\" target=\"_blank\">Mundo<\/a><\/p>\n<p>A reforma da lei laboral grega permite aos empregadores pedir aos seus trabalhadores jornadas de trabalho de 13 horas, em vez das atuais oito, at\u00e9 37,7 dias por ano.<\/p>\n<p><img decoding=\"async\" src=\"https:\/\/www.europesays.com\/pt\/wp-content\/uploads\/2025\/10\/1760777358_900_original.webp\" alt=\"Trabalhar 13 horas por dia: Parlamento grego aprova lei laboral pol\u00e9mica\"\/><\/p>\n<p>Louisa Gouliamaki<\/p>\n<p><strong>O Parlamento grego aprovou esta quinta-feira um projeto de lei que permite aos empregadores do setor privado prolongar o hor\u00e1rio de trabalho at\u00e9 13 horas por dia. <\/strong><\/p>\n<p>A reforma da lei laboral proposta pelo governo do partido conservador Nova Democracia contou com forte contesta\u00e7\u00e3o nas ruas, al\u00e9m do parecer negativo de sindicatos e da oposi\u00e7\u00e3o, mas <strong>foi aprovada gra\u00e7as \u00e0 maioria absoluta no Parlamento<\/strong>. <\/p>\n<p>Segundo a <a href=\"https:\/\/www.reuters.com\/business\/world-at-work\/greece-adopts-law-extending-working-hours-despite-protests-2025-10-16\/\" target=\"_blank\" rel=\"noopener noreferrer nofollow\">Reuters <\/a>o diploma permite aos empregadores <strong>pedir aos seus trabalhadores jornadas de trabalho de 13 horas, em vez das atuais oito<\/strong>, durante um m\u00e1ximo tr\u00eas dias por m\u00eas e at\u00e9 37,7 dias por ano, mediante um aumento na renumera\u00e7\u00e3o de 40%.<\/p>\n<p>Por outro lado, os empregadores ficam<strong> impedidos de despedir ou &#8220;discriminar desfavoravelmente&#8221; <\/strong>quem se recuse a fazer horas extra, mas os sindicatos alertam que a lei retira poder de negocia\u00e7\u00e3o aos trabalhadores num pa\u00eds onde os sal\u00e1rios m\u00e9dios permanecem relativamente baixos.<\/p>\n<p>O <a href=\"https:\/\/www.taxheaven.gr\/news\/71796\/katateohke-sth-boylh-to-neo-ergasiako-nomosxedio-deite-tis-allages\" target=\"_blank\" rel=\"noopener noreferrer nofollow\">projeto de lei<\/a> tamb\u00e9m permite que os funcion\u00e1rios trabalhem <strong>quatro dias por semana durante todo o ano mediante acordo pr\u00e9vio<\/strong>, e d\u00e1 aos empregadores mais <strong>flexibilidade nas contrata\u00e7\u00f5es de curto prazo, <\/strong>abrindo inclusivamente a possibilidade de contratos de dois dias. <\/p>\n<p>Ainda antes da aprova\u00e7\u00e3o no Parlamento hel\u00e9nico, a proposta da reforma da lei motivou <strong>duas greves gerais este m\u00eas<\/strong>. Para a oposi\u00e7\u00e3o, o primeiro-ministro Kyriakos Mitsotakis quer fazer \u201co pa\u00eds retroceder \u00e0 Idade M\u00e9dia\u201d em termos de direitos laborais. <\/p>\n<p>Louisa Gouliamaki<\/p>\n<p>Desde que assumiu o poder em 2019, o governo de centro-direita transformou o mercado de trabalho do pa\u00eds no que considera um dos mais \u201cflex\u00edveis\u201d da Europa, escreve o jornal <a href=\"\" target=\"_blank\" rel=\"noopener noreferrer\">Politico<\/a>. <\/p>\n<p><strong>A Gr\u00e9cia j\u00e1 tinha uma das semanas de trabalho mais longas da Europa, com cerca de 40 horas<\/strong>, contra uma m\u00e9dia de 34 horas trabalhadas na Alemanha ou 32 nos Pa\u00edses Baixos. <\/p>\n<p>De acordo com dados do <a href=\"https:\/\/ec.europa.eu\/eurostat\/web\/products-eurostat-news\/w\/ddn-20251007-1\" target=\"_blank\" rel=\"noopener noreferrer nofollow\">Eurostat <\/a>publicados no in\u00edcio deste m\u00eas, <strong>um em cada cinco gregos trabalha mais de 45 horas por semana<\/strong>, a taxa mais elevada da Uni\u00e3o Europeia e segundo a <a href=\"https:\/\/www.oecd.org\/en\/data\/indicators\/hours-worked.html?oecdcontrol-d7f68dbeee-var3=2023\" target=\"_blank\" rel=\"noopener noreferrer nofollow\">OCDE<\/a>, a Gr\u00e9cia ocupava o quinto lugar mundial em termos de horas de trabalho anuais em 2023, atr\u00e1s apenas da Col\u00f4mbia, M\u00e9xico, Costa Rica e Chile. <\/p>\n","protected":false},"excerpt":{"rendered":"Mundo A reforma da lei laboral grega permite aos empregadores pedir aos seus trabalhadores jornadas de trabalho de&hellip;\n","protected":false},"author":2,"featured_media":115655,"comment_status":"","ping_status":"","sticky":false,"template":"","format":"standard","meta":{"footnotes":""},"categories":[50],"tags":[27,28,15,16,14,25,26,21,22,62,12,13,19,20,23,24,17,18,29,30,31,63,64,65],"class_list":{"0":"post-115654","1":"post","2":"type-post","3":"status-publish","4":"format-standard","5":"has-post-thumbnail","7":"category-mundo","8":"tag-breaking-news","9":"tag-breakingnews","10":"tag-featured-news","11":"tag-featurednews","12":"tag-headlines","13":"tag-latest-news","14":"tag-latestnews","15":"tag-main-news","16":"tag-mainnews","17":"tag-mundo","18":"tag-news","19":"tag-noticias","20":"tag-noticias-principais","21":"tag-noticiasprincipais","22":"tag-principais-noticias","23":"tag-principaisnoticias","24":"tag-top-stories","25":"tag-topstories","26":"tag-ultimas","27":"tag-ultimas-noticias","28":"tag-ultimasnoticias","29":"tag-world","30":"tag-world-news","31":"tag-worldnews"},"share_on_mastodon":{"url":"","error":""},"_links":{"self":[{"href":"https:\/\/www.europesays.com\/pt\/wp-json\/wp\/v2\/posts\/115654","targetHints":{"allow":["GET"]}}],"collection":[{"href":"https:\/\/www.europesays.com\/pt\/wp-json\/wp\/v2\/posts"}],"about":[{"href":"https:\/\/www.europesays.com\/pt\/wp-json\/wp\/v2\/types\/post"}],"author":[{"embeddable":true,"href":"https:\/\/www.europesays.com\/pt\/wp-json\/wp\/v2\/users\/2"}],"replies":[{"embeddable":true,"href":"https:\/\/www.europesays.com\/pt\/wp-json\/wp\/v2\/comments?post=115654"}],"version-history":[{"count":0,"href":"https:\/\/www.europesays.com\/pt\/wp-json\/wp\/v2\/posts\/115654\/revisions"}],"wp:featuredmedia":[{"embeddable":true,"href":"https:\/\/www.europesays.com\/pt\/wp-json\/wp\/v2\/media\/115655"}],"wp:attachment":[{"href":"https:\/\/www.europesays.com\/pt\/wp-json\/wp\/v2\/media?parent=115654"}],"wp:term":[{"taxonomy":"category","embeddable":true,"href":"https:\/\/www.europesays.com\/pt\/wp-json\/wp\/v2\/categories?post=115654"},{"taxonomy":"post_tag","embeddable":true,"href":"https:\/\/www.europesays.com\/pt\/wp-json\/wp\/v2\/tags?post=115654"}],"curies":[{"name":"wp","href":"https:\/\/api.w.org\/{rel}","templated":true}]}}